{"id":15535,"date":"2025-05-07T13:15:48","date_gmt":"2025-05-07T13:15:48","guid":{"rendered":"https:\/\/ladepeche.mr\/?p=15535"},"modified":"2025-05-07T13:05:12","modified_gmt":"2025-05-07T13:05:12","slug":"finances-trois-banques-mauritaniennes-beneficient-de-largesses-de-financements-de-la-proparpo","status":"publish","type":"post","link":"https:\/\/ladepeche.mr\/?p=15535","title":{"rendered":"Finances : Trois banques mauritaniennes b\u00e9n\u00e9ficient de largesses de financements de la Proparpo"},"content":{"rendered":"<p>Trois banques primaires en Mauritanie ont sign\u00e9 des conventions de garantie d&#8217;op\u00e9rations trade finance avec Proparco, filiale du groupe Agence Fran\u00e7aise de D\u00e9veloppement, a-t-on officiellement annonc\u00e9 mardi \u00e0 Nouakchott, \u00e0 l\u2019issue d\u2019une audience accord\u00e9e par le ministre de l\u2019\u00c9conomie et des Finances, M. Sid&#8217;Ahmed Ould Bouh, \u00e0 une d\u00e9l\u00e9gation de haut niveau de l\u2019institution financi\u00e8re fran\u00e7aise.<br \/>\nLes trois banques dont il s\u2019agit sont les Banque El-Amana (10 millions d\u2019euros), la G\u00e9n\u00e9rale Banque de Mauritanie (15 millions d\u2019euros) et la Banque Mauritanienne pour l\u2019Investissement (15 millions USD).<br \/>\nA l\u2019occasion de l\u2019entretien avec le ministre, les deux parties ont, en pr\u00e9sence de l\u2019ambassadeur fran\u00e7ais en Mauritanie, SEM Alexandre Garcia et du directeur pays,  Ignace Monkam-Daverat, ont pass\u00e9 en revue les possibilit\u00e9s de coop\u00e9ration et de soutien au secteur priv\u00e9 en Mauritanie, tout comme elles ont examin\u00e9 les perspectives de leur partenariat \u00e0 la lumi\u00e8re des opportunit\u00e9s d\u2019investissement prometteuses du march\u00e9 mauritanien.<br \/>\nLa d\u00e9l\u00e9gation de Proparco, rappelle-t-on, \u00e9tait compos\u00e9e de M. Sadio Dicko, directeur r\u00e9gional de l\u2019institution, et de  M. Michael Tapsoba, responsable du portefeuille pays. <\/p>\n","protected":false},"excerpt":{"rendered":"<p>Trois banques primaires en Mauritanie ont sign\u00e9 des conventions de garantie d&#8217;op\u00e9rations trade finance avec Proparco, filiale du groupe Agence Fran\u00e7aise de D\u00e9veloppement, a-t-on officiellement annonc\u00e9 mardi \u00e0 Nouakchott, \u00e0 l\u2019issue d\u2019une audience accord\u00e9e par le ministre de l\u2019\u00c9conomie et des Finances, M. Sid&#8217;Ahmed Ould Bouh, \u00e0 une d\u00e9l\u00e9gation de haut niveau de l\u2019institution financi\u00e8re &hellip;<\/p>\n","protected":false},"author":2,"featured_media":15536,"comment_status":"open","ping_status":"open","sticky":false,"template":"","format":"standard","meta":{"footnotes":""},"categories":[18,2],"tags":[],"class_list":["post-15535","post","type-post","status-publish","format-standard","has-post-thumbnail","hentry","category-actualites","category-economie"],"_links":{"self":[{"href":"https:\/\/ladepeche.mr\/index.php?rest_route=\/wp\/v2\/posts\/15535","targetHints":{"allow":["GET"]}}],"collection":[{"href":"https:\/\/ladepeche.mr\/index.php?rest_route=\/wp\/v2\/posts"}],"about":[{"href":"https:\/\/ladepeche.mr\/index.php?rest_route=\/wp\/v2\/types\/post"}],"author":[{"embeddable":true,"href":"https:\/\/ladepeche.mr\/index.php?rest_route=\/wp\/v2\/users\/2"}],"replies":[{"embeddable":true,"href":"https:\/\/ladepeche.mr\/index.php?rest_route=%2Fwp%2Fv2%2Fcomments&post=15535"}],"version-history":[{"count":1,"href":"https:\/\/ladepeche.mr\/index.php?rest_route=\/wp\/v2\/posts\/15535\/revisions"}],"predecessor-version":[{"id":15537,"href":"https:\/\/ladepeche.mr\/index.php?rest_route=\/wp\/v2\/posts\/15535\/revisions\/15537"}],"wp:featuredmedia":[{"embeddable":true,"href":"https:\/\/ladepeche.mr\/index.php?rest_route=\/wp\/v2\/media\/15536"}],"wp:attachment":[{"href":"https:\/\/ladepeche.mr\/index.php?rest_route=%2Fwp%2Fv2%2Fmedia&parent=15535"}],"wp:term":[{"taxonomy":"category","embeddable":true,"href":"https:\/\/ladepeche.mr\/index.php?rest_route=%2Fwp%2Fv2%2Fcategories&post=15535"},{"taxonomy":"post_tag","embeddable":true,"href":"https:\/\/ladepeche.mr\/index.php?rest_route=%2Fwp%2Fv2%2Ftags&post=15535"}],"curies":[{"name":"wp","href":"https:\/\/api.w.org\/{rel}","templated":true}]}}