{"id":15555,"date":"2025-05-07T20:06:41","date_gmt":"2025-05-07T20:06:41","guid":{"rendered":"https:\/\/ladepeche.mr\/?p=15555"},"modified":"2025-05-07T20:06:41","modified_gmt":"2025-05-07T20:06:41","slug":"le-conseil-des-ministres-approuve-le-projet-de-decret-portant-creation-de-luniversite-de-nouadhibou","status":"publish","type":"post","link":"https:\/\/ladepeche.mr\/?p=15555","title":{"rendered":"Le conseil des ministres approuve le Projet de d\u00e9cret portant cr\u00e9ation de l\u2019Universit\u00e9 de Nouadhibou"},"content":{"rendered":"<p>Le Conseil des Ministres s\u2019est r\u00e9uni le mercredi 07 mai 2025, sous la Pr\u00e9sidence de Son Excellence Monsieur Mohamed OULD CHEIKH EL-GHAZOUANI, Pr\u00e9sident de la R\u00e9publique.<\/p>\n<p>Le Conseil a examin\u00e9 et approuv\u00e9 un projet de loi autorisant la ratification de la convention sign\u00e9e \u00e0 Nouakchott le 31 d\u00e9cembre 2024, entre l\u2019Etat et la Banque Centrale de Mauritanie relative au changement des modalit\u00e9s de remboursement des cr\u00e9ances de l\u2019Etat pour la BCM : (Convention Etat-BCM 2018 et cession d\u2019Immeuble R+15).<\/p>\n<p>Le Conseil a \u00e9galement examin\u00e9 et adopt\u00e9 les projets de d\u00e9crets suivants :<\/p>\n<p>\u2010 Projet de d\u00e9cret portant cr\u00e9ation de l\u2019Universit\u00e9 de Nouadhibou et fixant les r\u00e8gles de son organisation et fonctionnement.<\/p>\n<p>Le pr\u00e9sent projet de d\u00e9cret s\u2019inscrit dans le cadre des efforts continus du Gouvernement \u00e0 renforcer et \u00e0 d\u00e9velopper l\u2019enseignement sup\u00e9rieur dans notre pays.<\/p>\n<p>Ce projet de d\u00e9cret vise \u00e0 cr\u00e9er un nouvel \u00e9tablissement d\u2019enseignement sup\u00e9rieur \u00e0 Nouadhibou. Cette universit\u00e9 proposera des formations acad\u00e9miques innovantes et diversifi\u00e9es, en ad\u00e9quation avec les exigences du march\u00e9 du travail et les besoins du d\u00e9veloppement \u00e9conomique national.<\/p>\n<p>Le pr\u00e9sent projet de d\u00e9cret constitue une \u00e9tape importante vers la r\u00e9alisation des aspirations de l\u2019Etat en mati\u00e8re d\u2019am\u00e9lioration de l\u2019enseignement sup\u00e9rieur et de diversification des offres de formation acad\u00e9mique dans des sp\u00e9cialit\u00e9s strat\u00e9giques, garantissant ainsi le d\u00e9veloppement des ressources humaines et le renforcement des capacit\u00e9s du pays \u00e0 faire aux d\u00e9fis \u00e9conomiques et sociaux.<\/p>\n<p>\u2010 Projet de d\u00e9cret portant approbation des Statuts de la Soci\u00e9t\u00e9 Nationale d\u2019Am\u00e9nagement des Terrains, de Promotion et de Gestion Immobili\u00e8res \u00ab El Mouritaniya Lil Agharat \u00bb.<\/p>\n<p>Le pr\u00e9sent projet de d\u00e9cret a pour objet l\u2019approbation des statuts de la Soci\u00e9t\u00e9 Nationale d\u2019Am\u00e9nagement des Terrains, de Promotion et de Gestion Immobili\u00e8res d\u00e9nomm\u00e9es \u00ab EL Mauritaniya Lil Agharat \u00bb en application des dispositions de l\u2019article 9 du d\u00e9cret n 2025-033 du 24 Mars 2025 portant r\u00e9organisation de la Soci\u00e9t\u00e9 Nationale (ISKAN).<\/p>\n<p>\u2010 Projet de d\u00e9cret portant nomination des membres du Conseil d\u2019Administration de la Biblioth\u00e8que Nationale.<\/p>\n<p>\u2010 Projet de d\u00e9cret portant nomination des repr\u00e9sentants de l\u2019Etat au Conseil d\u2019Administration de la T\u00e9l\u00e9vision Mauritanienne.<\/p>\n<p>Le Ministre des Affaires \u00c9trang\u00e8res, de la Coop\u00e9ration Africaine et des Mauritaniens de l\u2019Ext\u00e9rieur a pr\u00e9sent\u00e9 une communication relative \u00e0 la situation internationale.<\/p>\n<p>Le Ministre de l\u2019Int\u00e9rieur, de la Promotion de la D\u00e9centralisation et du D\u00e9veloppement Local a pr\u00e9sent\u00e9 une communication relative \u00e0 la situation int\u00e9rieure.<\/p>\n<p>Le Ministre de la Sant\u00e9 et le Ministre de l\u2019Economie et des Finances ont pr\u00e9sent\u00e9 une communication conjointe relative \u00e0 la proposition de cr\u00e9ation d\u2019une structure hospitali\u00e8re de r\u00e9f\u00e9rence \u00e0 Nouakchott.<\/p>\n<p>Cette communication propose la cr\u00e9ation d\u2019une structure hospitali\u00e8re de r\u00e9f\u00e9rence qui offre des services sp\u00e9cialis\u00e9s de haute qualit\u00e9, en mettant \u00e0 profit les infrastructures en cours d\u2019ach\u00e8vement dans le cadre de l\u2019extension du Centre Hospitalier National, en le transformant en un \u00e9tablissement hospitalier de r\u00e9f\u00e9rence qui mise sur l\u2019excellence et la performance.<\/p>\n<p>Ce projet sera le fruit d\u2019un partenariat exemplaire entre les secteurs public et priv\u00e9, \u00e0 travers la cr\u00e9ation d\u2019une soci\u00e9t\u00e9 d\u2019\u00e9conomie mixte conform\u00e9ment aux dispositions de la loi 2024-041 du 30 octobre 2024, relative au partenariat entre les secteurs public et priv\u00e9.<br \/>\nOk<br \/>\nEnfin, le Conseil a pris la mesure individuelle suivante :<\/p>\n<p>Minist\u00e8re de l\u2019autonomisation des Jeunes, de l\u2019Emploi, des Sports et du Service Civique<\/p>\n<p>Cabinet du Ministre<\/p>\n<p>\u2013 Charg\u00e9 de Mission : Yall Alassane Amadou, Economiste, pr\u00e9c\u00e9demment Directeur G\u00e9n\u00e9ral Adjoint de l\u2019Emploi.<br \/>\nAmi<\/p>\n","protected":false},"excerpt":{"rendered":"<p>Le Conseil des Ministres s\u2019est r\u00e9uni le mercredi 07 mai 2025, sous la Pr\u00e9sidence de Son Excellence Monsieur Mohamed OULD CHEIKH EL-GHAZOUANI, Pr\u00e9sident de la R\u00e9publique. Le Conseil a examin\u00e9 et approuv\u00e9 un projet de loi autorisant la ratification de la convention sign\u00e9e \u00e0 Nouakchott le 31 d\u00e9cembre 2024, entre l\u2019Etat et la Banque Centrale &hellip;<\/p>\n","protected":false},"author":2,"featured_media":11724,"comment_status":"open","ping_status":"open","sticky":false,"template":"","format":"standard","meta":{"footnotes":""},"categories":[18,31],"tags":[],"class_list":["post-15555","post","type-post","status-publish","format-standard","has-post-thumbnail","hentry","category-actualites","category-politique-et-reportages"],"_links":{"self":[{"href":"https:\/\/ladepeche.mr\/index.php?rest_route=\/wp\/v2\/posts\/15555","targetHints":{"allow":["GET"]}}],"collection":[{"href":"https:\/\/ladepeche.mr\/index.php?rest_route=\/wp\/v2\/posts"}],"about":[{"href":"https:\/\/ladepeche.mr\/index.php?rest_route=\/wp\/v2\/types\/post"}],"author":[{"embeddable":true,"href":"https:\/\/ladepeche.mr\/index.php?rest_route=\/wp\/v2\/users\/2"}],"replies":[{"embeddable":true,"href":"https:\/\/ladepeche.mr\/index.php?rest_route=%2Fwp%2Fv2%2Fcomments&post=15555"}],"version-history":[{"count":1,"href":"https:\/\/ladepeche.mr\/index.php?rest_route=\/wp\/v2\/posts\/15555\/revisions"}],"predecessor-version":[{"id":15556,"href":"https:\/\/ladepeche.mr\/index.php?rest_route=\/wp\/v2\/posts\/15555\/revisions\/15556"}],"wp:featuredmedia":[{"embeddable":true,"href":"https:\/\/ladepeche.mr\/index.php?rest_route=\/wp\/v2\/media\/11724"}],"wp:attachment":[{"href":"https:\/\/ladepeche.mr\/index.php?rest_route=%2Fwp%2Fv2%2Fmedia&parent=15555"}],"wp:term":[{"taxonomy":"category","embeddable":true,"href":"https:\/\/ladepeche.mr\/index.php?rest_route=%2Fwp%2Fv2%2Fcategories&post=15555"},{"taxonomy":"post_tag","embeddable":true,"href":"https:\/\/ladepeche.mr\/index.php?rest_route=%2Fwp%2Fv2%2Ftags&post=15555"}],"curies":[{"name":"wp","href":"https:\/\/api.w.org\/{rel}","templated":true}]}}