{"id":15557,"date":"2025-05-08T10:16:48","date_gmt":"2025-05-08T10:16:48","guid":{"rendered":"https:\/\/ladepeche.mr\/?p=15557"},"modified":"2025-05-08T14:16:28","modified_gmt":"2025-05-08T14:16:28","slug":"8-mai-1945-8mai-2025-lironie-de-lhistoire","status":"publish","type":"post","link":"https:\/\/ladepeche.mr\/?p=15557","title":{"rendered":"8 mai 1945-8mai 2025 : L&#8217;Ironie de l&#8217;Histoire !"},"content":{"rendered":"<p>Le 8 mai 1945, l\u2019Allemagne nazie signait sa capitulation. C\u2019est la fin de la seconde guerre mondiale en Europe o\u00f9 des milliers de juifs avaient \u00e9t\u00e9 massacr\u00e9s. Au sortir de la guerre, les sionistes parmi ces derniers fondent, en 1948, l\u2019Etat d\u2019Isra\u00e9l sur une partie de la Palestine. Avec le soutien de quelques gouvernements occidentaux amn\u00e9siques, ils r\u00e9\u00e9ditent aujourd\u2019hui \u00e0 Gaza la Shoah, v\u00e9cue par l&#8217;humanit\u00e9 sous Hitler.<\/p>\n<p>De Washington, \u00e0 Moscou, en pensant par Londres et Paris, le monde comm\u00e9more toujours la d\u00e9faite nazie symbolis\u00e9e la capitulation allemande. C\u2019\u00e9tait le 8 mai 1945. Une date qui marque la fin de la guerre en Europe et la promesse de l\u2019\u00e9rection d\u2019un monde nouveau fond\u00e9 sur la Paix et la Solidarit\u00e9 avec la mise en place, cinq mois, plus tard, en octobre 1945 de l\u2019Organisation des Nations Unies. Mais tr\u00e8s vite on se doute que c\u2019est le d\u00e9sordre international entre les nouveaux blocs est-ouest. Le non alignement ne sera qu\u2019une apparence.<br \/>\nL\u2019histoire nous apprend que ce fut une \u00e8re douloureuse. Une p\u00e9riode noire o\u00f9 les juifs pers\u00e9cut\u00e9s et massacr\u00e9s ont connu les chambres \u00e0 gaz, les fours cr\u00e9matoires, les camps de concentration. Des souvenirs qui restent vivaces pour des millions de personnes inhumainement trait\u00e9es par la folie de leurs semblables. Ni Aushwitz, ni Nuremberg ne donneront la mesure de la trag\u00e9die humaine du d\u00e9but du 20\u00e8me si\u00e8cle. Mais l\u2019on semble avoir vite oubli\u00e9 apr\u00e8s la victoire des \u00ab Alli\u00e9s \u00bb que l\u2019histoire b\u00e9gaye toujours m\u00eame si parfois c\u2019est dans le sens inverse. C\u2019est \u00e0 se demander m\u00eame, avec les massacres v\u00e9cus aujourd\u2019hui contre les populations de Gaza, si la communaut\u00e9 internationale se rappelle toujours cette sanglante page de notre histoire commune o\u00f9 le monde entier s\u2019\u00e9tait associ\u00e9 pour vaincre le nazisme rampant.<br \/>\nCurieuse ironie du sort. L\u2019Etat sioniste isra\u00e9lien a, depuis 1948, repris \u00e0 son compte le mode op\u00e9ratoire nazi pers\u00e9cutant et exterminant les populations et occupant de plus en plus de terres palestiniennes. L\u2019Holocauste prend ici la forme d\u2019un nettoyage ethnique sans pr\u00e9c\u00e9dent. La c\u00e9sarienne r\u00e9ussit \u00e0 merveille. Malgr\u00e9 la tentative d\u2019Oslo et l\u2019assassinat du premier ministre isra\u00e9lien Y. Rabin, par l\u2019extr\u00eame droite dans son pays, Isra\u00e9l a continu\u00e9 son lot d\u2019assassinat, de blocus et de frustration \u00e0 l\u2019origine du 7 Octobre 2023. La Palestine o\u00f9 ce qui en restait n\u2019\u00e9tait plus en fait qu\u2019une \u00e9norme prison o\u00f9 le colon se comportait comme il l\u2019entendait.<br \/>\nLes souvenirs \u00e9taient donc l\u00e0 douloureux jusqu\u2019au 8 octobre 2023. Une m\u00e9moire s\u00e9lective a repris le relais car comme entre 39-45, avec Hitler, un autre monstre, Benyamin Netanyahou, profite de son pouvoir et de la complicit\u00e9 de gouvernements occidentaux pour inaugurer, en r\u00e9action aux attaques du 7 octobre, et sur les cendres des crimes nazis encore fumant, un autre g\u00e9nocide contre les populations civiles de Gaza.<br \/>\nDans la communaut\u00e9 internationale o\u00f9 les NU sont tous les jours humili\u00e9es par le Gouvernement Netanyahou. Les plus t\u00e9m\u00e9raires condamnaient du bout des l\u00e8vres la disproportion et l\u2019asym\u00e9trie de la r\u00e9action. D\u2019autres plus sadiques et plus hypocrites comme les gouvernements Us, fran\u00e7ais, allemand et anglais, parlent de paix pendant qu\u2019ils livrent au gouvernement extr\u00e9miste isra\u00e9lien de Netanyahou, objet d\u2019un mandat d\u2019arr\u00eat international de la CIJ, tous les moyens technologiques et projectiles pour massacrer les enfants palestiniens et pour chasser les populations autochtones dans un exode sans fin. Avec leur soutien, le nettoyage ethnique est toujours en cours. On assiste depuis un an et 8 mois aujourd\u2019hui dans un bain de sang o\u00f9 personne n\u2019est \u00e9pargn\u00e9 \u00e0 une violence aveugle d\u2019un chef de gouvernement isra\u00e9lien capable de sacrifier tous les palestiniens et m\u00eame les isra\u00e9liens pour se maintenir au pouvoir et ainsi ajourner sa reddition politique inexorable. Pendant ce temps, ceux qui portent en \u00e9tendard les slogans de libert\u00e9, de droits de l\u2019homme et de Justice savent qu\u2019ils ne bernent plus personne. Ils ont donc leur histoire et le reste du monde, la sienne.<br \/>\nJD <\/p>\n","protected":false},"excerpt":{"rendered":"<p>Le 8 mai 1945, l\u2019Allemagne nazie signait sa capitulation. C\u2019est la fin de la seconde guerre mondiale en Europe o\u00f9 des milliers de juifs avaient \u00e9t\u00e9 massacr\u00e9s. Au sortir de la guerre, les sionistes parmi ces derniers fondent, en 1948, l\u2019Etat d\u2019Isra\u00e9l sur une partie de la Palestine. Avec le soutien de quelques gouvernements occidentaux &hellip;<\/p>\n","protected":false},"author":2,"featured_media":8019,"comment_status":"open","ping_status":"open","sticky":false,"template":"","format":"standard","meta":{"footnotes":""},"categories":[18,29],"tags":[],"class_list":["post-15557","post","type-post","status-publish","format-standard","has-post-thumbnail","hentry","category-actualites","category-monde"],"_links":{"self":[{"href":"https:\/\/ladepeche.mr\/index.php?rest_route=\/wp\/v2\/posts\/15557","targetHints":{"allow":["GET"]}}],"collection":[{"href":"https:\/\/ladepeche.mr\/index.php?rest_route=\/wp\/v2\/posts"}],"about":[{"href":"https:\/\/ladepeche.mr\/index.php?rest_route=\/wp\/v2\/types\/post"}],"author":[{"embeddable":true,"href":"https:\/\/ladepeche.mr\/index.php?rest_route=\/wp\/v2\/users\/2"}],"replies":[{"embeddable":true,"href":"https:\/\/ladepeche.mr\/index.php?rest_route=%2Fwp%2Fv2%2Fcomments&post=15557"}],"version-history":[{"count":5,"href":"https:\/\/ladepeche.mr\/index.php?rest_route=\/wp\/v2\/posts\/15557\/revisions"}],"predecessor-version":[{"id":15573,"href":"https:\/\/ladepeche.mr\/index.php?rest_route=\/wp\/v2\/posts\/15557\/revisions\/15573"}],"wp:featuredmedia":[{"embeddable":true,"href":"https:\/\/ladepeche.mr\/index.php?rest_route=\/wp\/v2\/media\/8019"}],"wp:attachment":[{"href":"https:\/\/ladepeche.mr\/index.php?rest_route=%2Fwp%2Fv2%2Fmedia&parent=15557"}],"wp:term":[{"taxonomy":"category","embeddable":true,"href":"https:\/\/ladepeche.mr\/index.php?rest_route=%2Fwp%2Fv2%2Fcategories&post=15557"},{"taxonomy":"post_tag","embeddable":true,"href":"https:\/\/ladepeche.mr\/index.php?rest_route=%2Fwp%2Fv2%2Ftags&post=15557"}],"curies":[{"name":"wp","href":"https:\/\/api.w.org\/{rel}","templated":true}]}}