{"id":15559,"date":"2025-05-08T11:30:22","date_gmt":"2025-05-08T11:30:22","guid":{"rendered":"https:\/\/ladepeche.mr\/?p=15559"},"modified":"2025-05-08T10:37:36","modified_gmt":"2025-05-08T10:37:36","slug":"marges-de-verite-le-revelateur-psychotrope","status":"publish","type":"post","link":"https:\/\/ladepeche.mr\/?p=15559","title":{"rendered":"&#8220;Marges de v\u00e9rit\u00e9&#8221;: Le &#8220;r\u00e9v\u00e9lateur psychotrope&#8221; !"},"content":{"rendered":"<p>Parmi les soubresauts les plus r\u00e9cents de la gouvernance s\u00e9curitaire en Mauritanie, l\u2019op\u00e9ration de d\u00e9mant\u00e8lement, par les forces de gendarmerie, d\u2019un archipel clandestin d\u2019entrep\u00f4ts pharmaceutiques dans la m\u00e9tropole nouakchottoise \u2013 incluant hallucinog\u00e8nes, neurotoxiques, aphrodisiaques et autres substances non homologu\u00e9es \u2013 constitue un r\u00e9v\u00e9lateur brut de l\u2019\u00e9cosyst\u00e8me pharmacopolitique de la sous-r\u00e9gion.<br \/>\nL\u2019instantan\u00e9it\u00e9 du fait divers dissimule, comme toujours, une stratification complexe des enjeux. Ce que les commentateurs press\u00e9s nomment \u00ab contrebande \u00bb s\u2019inscrit, en r\u00e9alit\u00e9, dans une logique de redistribution parall\u00e8le du soin \u2013 ou du simulacre de soin \u2013 \u00e0 travers des circuits qui \u00e9chappent au diagramme westphalien de la souverainet\u00e9 sanitaire. L\u2019\u00e9mergence de cette \u00e9conomie souterraine du pharmakon, au sens derridien du terme \u2013 rem\u00e8de et poison \u00e0 la fois \u2013 interroge les r\u00e9gimes d\u2019autorit\u00e9 qui structurent l\u2019acc\u00e8s au corps m\u00e9dicalis\u00e9 des populations en p\u00e9riph\u00e9rie de l\u2019\u00c9tat.<br \/>\nOr, c\u2019est dans ce contexte trouble que se cristallise l\u2019intervention performative du Premier ministre Mokhtar Ould Djay. R\u00e9uni avec le comit\u00e9 interminist\u00e9riel charg\u00e9 du dossier des m\u00e9dicaments, le chef du gouvernement ne se contente pas de saluer les dispositifs op\u00e9rationnels mis en branle par les corps r\u00e9pressifs. Il engage une dialectique de la convergence sectorielle \u2013 appelant \u00e0 une co-construction r\u00e9gulatoire entre sph\u00e8res publique et priv\u00e9e \u2013 et manifeste ainsi une volont\u00e9 de produire un continuum normatif int\u00e9grant les logiques de march\u00e9 et les imp\u00e9ratifs de contr\u00f4le.<br \/>\nMais \u00e0 bien y regarder, cette mobilisation du lexique de l\u2019efficience dissimule une op\u00e9ration de r\u00e9assignation discursive. Ce qui est pr\u00e9sent\u00e9 comme un progr\u00e8s dans la r\u00e9gulation pharmaceutique (enregistrement, num\u00e9risation, encadrement logistique) constitue en r\u00e9alit\u00e9 une tentative de reprise h\u00e9g\u00e9monique du biopouvoir, dans un champ longtemps d\u00e9laiss\u00e9 \u00e0 l\u2019informalit\u00e9. Le pharmaceutique devient ici un vecteur de souverainet\u00e9 reconquise, non pas seulement sur les substances, mais sur les subjectivit\u00e9s qu\u2019elles modulent : corps jeunes, marginalis\u00e9s, pr\u00e9caris\u00e9s, souvent livr\u00e9s \u00e0 une pharmacopraxie de survie.<br \/>\nLa cartographie clandestine ainsi r\u00e9v\u00e9l\u00e9e \u2013 entrep\u00f4ts dans les interstices urbains de Sebkha et d\u2019ailleurs \u2013 met en lumi\u00e8re une ville double, fractale : Nouakchott officielle, travers\u00e9e de projets, de r\u00e9glementations et de discours, et Nouakchott officieuse, travers\u00e9e de flux illicites, d\u2019archivages informels du soin, de pharmacologies nocturnes. La traque des suspects en fuite devient alors m\u00e9taphore : il ne s\u2019agit pas seulement de neutraliser des individus, mais de discipliner un espace, d\u2019assainir une subjectivit\u00e9 collective.<br \/>\nLe Premier ministre, en investissant ce champ lexical de la coordination rigoureuse, de l\u2019effort conjugu\u00e9, de la r\u00e9glementation renforc\u00e9e, performe une fonction m\u00e9ta-institutionnelle : celle de produire du visible, du lisible, du l\u00e9gitime, l\u00e0 o\u00f9 r\u00e9gnaient jusqu\u2019alors les opacit\u00e9s de la marge. Mais le probl\u00e8me est moins celui du contr\u00f4le des stocks que celui, plus fondamental, du rapport entre r\u00e9gulation politique et angoisse sociale : \u00e0 quoi r\u00e9pond ce besoin massif de substances interdites ? Quel vide vient combler ce pharmakon clandestin ?<br \/>\nLe discours gouvernemental, s\u2019il est \u00e0 la fois lucide et r\u00e9solu, gagnerait \u00e0 articuler les enjeux de s\u00e9curit\u00e9 \u00e0 une lecture syst\u00e9mique de la demande sociale. Car \u00e0 d\u00e9faut d\u2019interroger les fondements psychosociaux de cette \u00e9conomie parall\u00e8le \u2013 d\u00e9sesp\u00e9rance, vacuit\u00e9 des horizons, fragilit\u00e9 des soins l\u00e9gitimes \u2013 on court le risque de reconduire, sous couvert d\u2019efficacit\u00e9, les logiques classiques du sympt\u00f4me refoul\u00e9.<br \/>\nLa Chronique de Mohamed Ould Echriv Echriv<\/p>\n","protected":false},"excerpt":{"rendered":"<p>Parmi les soubresauts les plus r\u00e9cents de la gouvernance s\u00e9curitaire en Mauritanie, l\u2019op\u00e9ration de d\u00e9mant\u00e8lement, par les forces de gendarmerie, d\u2019un archipel clandestin d\u2019entrep\u00f4ts pharmaceutiques dans la m\u00e9tropole nouakchottoise \u2013 incluant hallucinog\u00e8nes, neurotoxiques, aphrodisiaques et autres substances non homologu\u00e9es \u2013 constitue un r\u00e9v\u00e9lateur brut de l\u2019\u00e9cosyst\u00e8me pharmacopolitique de la sous-r\u00e9gion. L\u2019instantan\u00e9it\u00e9 du fait divers dissimule, &hellip;<\/p>\n","protected":false},"author":2,"featured_media":15527,"comment_status":"open","ping_status":"open","sticky":false,"template":"","format":"standard","meta":{"footnotes":""},"categories":[18],"tags":[],"class_list":["post-15559","post","type-post","status-publish","format-standard","has-post-thumbnail","hentry","category-actualites"],"_links":{"self":[{"href":"https:\/\/ladepeche.mr\/index.php?rest_route=\/wp\/v2\/posts\/15559","targetHints":{"allow":["GET"]}}],"collection":[{"href":"https:\/\/ladepeche.mr\/index.php?rest_route=\/wp\/v2\/posts"}],"about":[{"href":"https:\/\/ladepeche.mr\/index.php?rest_route=\/wp\/v2\/types\/post"}],"author":[{"embeddable":true,"href":"https:\/\/ladepeche.mr\/index.php?rest_route=\/wp\/v2\/users\/2"}],"replies":[{"embeddable":true,"href":"https:\/\/ladepeche.mr\/index.php?rest_route=%2Fwp%2Fv2%2Fcomments&post=15559"}],"version-history":[{"count":1,"href":"https:\/\/ladepeche.mr\/index.php?rest_route=\/wp\/v2\/posts\/15559\/revisions"}],"predecessor-version":[{"id":15560,"href":"https:\/\/ladepeche.mr\/index.php?rest_route=\/wp\/v2\/posts\/15559\/revisions\/15560"}],"wp:featuredmedia":[{"embeddable":true,"href":"https:\/\/ladepeche.mr\/index.php?rest_route=\/wp\/v2\/media\/15527"}],"wp:attachment":[{"href":"https:\/\/ladepeche.mr\/index.php?rest_route=%2Fwp%2Fv2%2Fmedia&parent=15559"}],"wp:term":[{"taxonomy":"category","embeddable":true,"href":"https:\/\/ladepeche.mr\/index.php?rest_route=%2Fwp%2Fv2%2Fcategories&post=15559"},{"taxonomy":"post_tag","embeddable":true,"href":"https:\/\/ladepeche.mr\/index.php?rest_route=%2Fwp%2Fv2%2Ftags&post=15559"}],"curies":[{"name":"wp","href":"https:\/\/api.w.org\/{rel}","templated":true}]}}