{"id":15561,"date":"2025-05-08T11:00:11","date_gmt":"2025-05-08T11:00:11","guid":{"rendered":"https:\/\/ladepeche.mr\/?p=15561"},"modified":"2025-05-08T10:36:20","modified_gmt":"2025-05-08T10:36:20","slug":"tensions-a-luniversite-de-nouakchott-plusieurs-etudiants-interpelles-et-conduits-aux-commissariats","status":"publish","type":"post","link":"https:\/\/ladepeche.mr\/?p=15561","title":{"rendered":"Tensions \u00e0 l\u2019universit\u00e9 de Nouakchott : \u00ab plusieurs \u00e9tudiants interpell\u00e9s et conduits aux commissariats \u00bb"},"content":{"rendered":"<p>Dans un communiqu\u00e9 conjoint, l\u2019Amicale Nationale des \u00c9tudiants de Mauritanie (ANEM) et le Syndicat National des \u00c9tudiants de Mauritanie (SNEM) ont exprim\u00e9 leur profonde indignation et condamn\u00e9 fermement les actes de violence perp\u00e9tr\u00e9s par les forces de l\u2019ordre \u00e0 l\u2019encontre des \u00e9tudiants, ce mercredi 7 mai 2025, sur le campus de l\u2019Universit\u00e9 de Nouakchott.<\/p>\n<p>Il est inacceptable que des \u00e9tudiants, exer\u00e7ant pacifiquement leur droit l\u00e9gitime \u00e0 la revendication, soient confront\u00e9s \u00e0 une r\u00e9pression brutale au sein m\u00eame de leur lieu d\u2019apprentissage, se sont insurg\u00e9s ces deux syndicats estudiantins, dans leur communiqu\u00e9 diffus\u00e9 tard dans la nuit de ce mercredi 7 mai 2025.<\/p>\n<p>L\u2019intervention des forces de s\u00e9curit\u00e9 dans l\u2019enceinte universitaire constitue une violation flagrante des textes r\u00e9gissant l\u2019autonomie et la neutralit\u00e9 des \u00e9tablissements d\u2019enseignement sup\u00e9rieur, indique le communiqu\u00e9.<\/p>\n<p>Depuis le 7 mai, nos deux syndicats ont initi\u00e9 un arr\u00eat g\u00e9n\u00e9ral des cours et des services de transport universitaire, en solidarit\u00e9 avec nos camarades injustement sanctionn\u00e9s. Malgr\u00e9 nos multiples d\u00e9marches pacifiques et constructives, l\u2019administration universitaire persiste dans son mutisme et son inaction, t\u00e9moignant d\u2019un m\u00e9pris inqui\u00e9tant envers les droits et les pr\u00e9occupations des \u00e9tudiants, rappelle le communiqu\u00e9.<\/p>\n<p>Les deux syndicats indiquent, par ailleurs, que \u00ab plusieurs de nos camarades ont \u00e9t\u00e9 interpell\u00e9s et conduits aux commissariats, simplement pour avoir exerc\u00e9 leur droit \u00e0 la protestation pacifique. Nous exigeons leur lib\u00e9ration imm\u00e9diate et inconditionnelle. \u00bb<\/p>\n<p>L\u2019ANEM et le SNEM mart\u00e8le : \u00ab Face \u00e0 cette situation alarmante, nous affirmons avec d\u00e9termination que notre mobilisation se poursuivra, par des moyens pacifiques et l\u00e9gitimes, jusqu\u2019\u00e0 la lev\u00e9e totale des sanctions arbitraires et le r\u00e9tablissement des droits fondamentaux de nos camarades. \u00bb<\/p>\n<p>\u00ab Nous r\u00e9it\u00e9rons notre engagement ind\u00e9fectible envers la d\u00e9fense des droits des \u00e9tudiants et appelons l\u2019ensemble de la communaut\u00e9 universitaire \u00e0 se joindre \u00e0 nous dans cette lutte pour la justice et la dignit\u00e9 \u00bb, lit-on dans le communiqu\u00e9 sign\u00e9 par l\u2019ANEM et le SNEM.<\/p>\n<p>Cridem<\/p>\n","protected":false},"excerpt":{"rendered":"<p>Dans un communiqu\u00e9 conjoint, l\u2019Amicale Nationale des \u00c9tudiants de Mauritanie (ANEM) et le Syndicat National des \u00c9tudiants de Mauritanie (SNEM) ont exprim\u00e9 leur profonde indignation et condamn\u00e9 fermement les actes de violence perp\u00e9tr\u00e9s par les forces de l\u2019ordre \u00e0 l\u2019encontre des \u00e9tudiants, ce mercredi 7 mai 2025, sur le campus de l\u2019Universit\u00e9 de Nouakchott. Il &hellip;<\/p>\n","protected":false},"author":2,"featured_media":15562,"comment_status":"open","ping_status":"open","sticky":false,"template":"","format":"standard","meta":{"footnotes":""},"categories":[18,31],"tags":[],"class_list":["post-15561","post","type-post","status-publish","format-standard","has-post-thumbnail","hentry","category-actualites","category-politique-et-reportages"],"_links":{"self":[{"href":"https:\/\/ladepeche.mr\/index.php?rest_route=\/wp\/v2\/posts\/15561","targetHints":{"allow":["GET"]}}],"collection":[{"href":"https:\/\/ladepeche.mr\/index.php?rest_route=\/wp\/v2\/posts"}],"about":[{"href":"https:\/\/ladepeche.mr\/index.php?rest_route=\/wp\/v2\/types\/post"}],"author":[{"embeddable":true,"href":"https:\/\/ladepeche.mr\/index.php?rest_route=\/wp\/v2\/users\/2"}],"replies":[{"embeddable":true,"href":"https:\/\/ladepeche.mr\/index.php?rest_route=%2Fwp%2Fv2%2Fcomments&post=15561"}],"version-history":[{"count":1,"href":"https:\/\/ladepeche.mr\/index.php?rest_route=\/wp\/v2\/posts\/15561\/revisions"}],"predecessor-version":[{"id":15563,"href":"https:\/\/ladepeche.mr\/index.php?rest_route=\/wp\/v2\/posts\/15561\/revisions\/15563"}],"wp:featuredmedia":[{"embeddable":true,"href":"https:\/\/ladepeche.mr\/index.php?rest_route=\/wp\/v2\/media\/15562"}],"wp:attachment":[{"href":"https:\/\/ladepeche.mr\/index.php?rest_route=%2Fwp%2Fv2%2Fmedia&parent=15561"}],"wp:term":[{"taxonomy":"category","embeddable":true,"href":"https:\/\/ladepeche.mr\/index.php?rest_route=%2Fwp%2Fv2%2Fcategories&post=15561"},{"taxonomy":"post_tag","embeddable":true,"href":"https:\/\/ladepeche.mr\/index.php?rest_route=%2Fwp%2Fv2%2Ftags&post=15561"}],"curies":[{"name":"wp","href":"https:\/\/api.w.org\/{rel}","templated":true}]}}