{"id":15566,"date":"2025-05-08T14:02:57","date_gmt":"2025-05-08T14:02:57","guid":{"rendered":"https:\/\/ladepeche.mr\/?p=15566"},"modified":"2025-05-08T14:02:57","modified_gmt":"2025-05-08T14:02:57","slug":"senegal-la-presse-denonce-une-atteinte-a-la-liberte-dexpression","status":"publish","type":"post","link":"https:\/\/ladepeche.mr\/?p=15566","title":{"rendered":"S\u00e9n\u00e9gal : la presse d\u00e9nonce une &#8220;atteinte \u00e0 la libert\u00e9 d&#8217;expression&#8221;"},"content":{"rendered":"<p>La Coordination des Associations de Presse (CAP) du S\u00e9n\u00e9gal a d\u00e9nonc\u00e9 les mesures prises par le gouvernement, qu&#8217;elle consid\u00e8re comme une atteinte \u00e0 la libert\u00e9 d&#8217;expression et \u00e0 la presse.<br \/>\nSelon la CAP, plus de 200 m\u00e9dias sont menac\u00e9s de fermeture et plus de 20 responsables de m\u00e9dias ont \u00e9t\u00e9 convoqu\u00e9s par les services de s\u00e9curit\u00e9.<\/p>\n<p>La CAP estime que ces mesures sont arbitraires et n&#8217;ont pas de fondement juridique clair. Elle d\u00e9nonce \u00e9galement la fermeture de la plateforme de d\u00e9claration des m\u00e9dias et le gel du Fonds d&#8217;Appui et D\u00e9veloppement de la Presse (FADP).<\/p>\n<p>Face \u00e0 cette situation, la CAP a annonc\u00e9 un plan d&#8217;action comprenant des rencontres avec les acteurs concern\u00e9s et un sit-in devant les locaux du minist\u00e8re de la Communication. Les professionnels des m\u00e9dias s\u00e9n\u00e9galais sont d\u00e9termin\u00e9s \u00e0 d\u00e9fendre leur droit \u00e0 la libert\u00e9 d&#8217;expression et \u00e0 la presse.<br \/>\nhttps:\/\/www.msn.com\/fr-xl\/actualite\/other\/s%C3%A9n%C3%A9gal-la-presse-d%C3%A9nonce-une-atteinte-%C3%A0-la-libert%C3%A9-d-expression\/ar-AA1DVvcp?ocid=msedgdhp&#038;pc=U531&#038;cvid=278107e17e2b4decb6af38ef1fa7287c&#038;ei=30<\/p>\n","protected":false},"excerpt":{"rendered":"<p>La Coordination des Associations de Presse (CAP) du S\u00e9n\u00e9gal a d\u00e9nonc\u00e9 les mesures prises par le gouvernement, qu&#8217;elle consid\u00e8re comme une atteinte \u00e0 la libert\u00e9 d&#8217;expression et \u00e0 la presse. Selon la CAP, plus de 200 m\u00e9dias sont menac\u00e9s de fermeture et plus de 20 responsables de m\u00e9dias ont \u00e9t\u00e9 convoqu\u00e9s par les services de &hellip;<\/p>\n","protected":false},"author":2,"featured_media":15567,"comment_status":"open","ping_status":"open","sticky":false,"template":"","format":"standard","meta":{"footnotes":""},"categories":[18,29],"tags":[],"class_list":["post-15566","post","type-post","status-publish","format-standard","has-post-thumbnail","hentry","category-actualites","category-monde"],"_links":{"self":[{"href":"https:\/\/ladepeche.mr\/index.php?rest_route=\/wp\/v2\/posts\/15566","targetHints":{"allow":["GET"]}}],"collection":[{"href":"https:\/\/ladepeche.mr\/index.php?rest_route=\/wp\/v2\/posts"}],"about":[{"href":"https:\/\/ladepeche.mr\/index.php?rest_route=\/wp\/v2\/types\/post"}],"author":[{"embeddable":true,"href":"https:\/\/ladepeche.mr\/index.php?rest_route=\/wp\/v2\/users\/2"}],"replies":[{"embeddable":true,"href":"https:\/\/ladepeche.mr\/index.php?rest_route=%2Fwp%2Fv2%2Fcomments&post=15566"}],"version-history":[{"count":1,"href":"https:\/\/ladepeche.mr\/index.php?rest_route=\/wp\/v2\/posts\/15566\/revisions"}],"predecessor-version":[{"id":15568,"href":"https:\/\/ladepeche.mr\/index.php?rest_route=\/wp\/v2\/posts\/15566\/revisions\/15568"}],"wp:featuredmedia":[{"embeddable":true,"href":"https:\/\/ladepeche.mr\/index.php?rest_route=\/wp\/v2\/media\/15567"}],"wp:attachment":[{"href":"https:\/\/ladepeche.mr\/index.php?rest_route=%2Fwp%2Fv2%2Fmedia&parent=15566"}],"wp:term":[{"taxonomy":"category","embeddable":true,"href":"https:\/\/ladepeche.mr\/index.php?rest_route=%2Fwp%2Fv2%2Fcategories&post=15566"},{"taxonomy":"post_tag","embeddable":true,"href":"https:\/\/ladepeche.mr\/index.php?rest_route=%2Fwp%2Fv2%2Ftags&post=15566"}],"curies":[{"name":"wp","href":"https:\/\/api.w.org\/{rel}","templated":true}]}}