{"id":15569,"date":"2025-05-08T14:30:13","date_gmt":"2025-05-08T14:30:13","guid":{"rendered":"https:\/\/ladepeche.mr\/?p=15569"},"modified":"2025-05-08T14:08:15","modified_gmt":"2025-05-08T14:08:15","slug":"lue-juge-intenable-la-situation-a-gaza","status":"publish","type":"post","link":"https:\/\/ladepeche.mr\/?p=15569","title":{"rendered":"L\u2019UE juge \u00ab intenable \u00bb la situation \u00e0 Gaza"},"content":{"rendered":"<p>La cheffe de la diplomatie de l\u2019Union europ\u00e9enne Kaja Kallas a jug\u00e9 mardi \u00ab intenable \u00bb la situation \u00e0 Gaza, \u00e0 l\u2019heure o\u00f9 un ministre du gouvernement de Benjamin Netanyahou a pr\u00e9venu que le territoire palestinien serait \u00ab totalement d\u00e9truit \u00bb.<\/p>\n<p>Au lendemain de l\u2019annonce par Isra\u00ebl d\u2019un plan de \u00ab conqu\u00eate \u00bb de la bande de Gaza, le mouvement Hamas a estim\u00e9 que des n\u00e9gociations pour une tr\u00eave avec Isra\u00ebl n\u2019avaient plus d\u2019int\u00e9r\u00eat.<\/p>\n<p>L\u2019offensive de repr\u00e9sailles de l\u2019arm\u00e9e isra\u00e9lienne a d\u00e9vast\u00e9 la bande de Gaza, fait des dizaines de milliers de morts et provoqu\u00e9 un d\u00e9sastre humanitaire. Isra\u00ebl qui assi\u00e8ge les 2,4 millions d\u2019habitants \u00e0 Gaza interdit depuis le 2 mars l\u2019entr\u00e9e de toute aide humanitaire dans l\u2019enclave.<\/p>\n<p>\u00ab L\u2019aide humanitaire doit reprendre imm\u00e9diatement et ne doit jamais \u00eatre politis\u00e9e \u00bb, a d\u00e9clar\u00e9 Kallas sur X, en rapportant un entretien t\u00e9l\u00e9phonique avec le ministre isra\u00e9lien des Affaires \u00e9trang\u00e8res Gideon Saar.<\/p>\n<p>\u00ab Gaza sera totalement d\u00e9truite \u00bb, a affirm\u00e9 mardi le ministre isra\u00e9lien des Finances d\u2019extr\u00eame droite, Bezalel Smotrich, interrog\u00e9 sur sa vision de l\u2019apr\u00e8s-guerre \u00e0 Gaza.<\/p>\n<p>Apr\u00e8s avoir \u00e9t\u00e9 d\u00e9plac\u00e9e vers le sud, la population gazaouie commencera \u00e0 \u00ab partir en grand nombre vers des pays tiers \u00bb, a-t-il dit lors d\u2019un colloque dans la colonie isra\u00e9lienne d\u2019Ofra, en Cisjordanie, territoire<\/p>\n<p>Provided by SyndiGate Media Inc. (Syndigate.info) via msn.com<\/p>\n","protected":false},"excerpt":{"rendered":"<p>La cheffe de la diplomatie de l\u2019Union europ\u00e9enne Kaja Kallas a jug\u00e9 mardi \u00ab intenable \u00bb la situation \u00e0 Gaza, \u00e0 l\u2019heure o\u00f9 un ministre du gouvernement de Benjamin Netanyahou a pr\u00e9venu que le territoire palestinien serait \u00ab totalement d\u00e9truit \u00bb. Au lendemain de l\u2019annonce par Isra\u00ebl d\u2019un plan de \u00ab conqu\u00eate \u00bb de la &hellip;<\/p>\n","protected":false},"author":2,"featured_media":15570,"comment_status":"open","ping_status":"open","sticky":false,"template":"","format":"standard","meta":{"footnotes":""},"categories":[18,29],"tags":[],"class_list":["post-15569","post","type-post","status-publish","format-standard","has-post-thumbnail","hentry","category-actualites","category-monde"],"_links":{"self":[{"href":"https:\/\/ladepeche.mr\/index.php?rest_route=\/wp\/v2\/posts\/15569","targetHints":{"allow":["GET"]}}],"collection":[{"href":"https:\/\/ladepeche.mr\/index.php?rest_route=\/wp\/v2\/posts"}],"about":[{"href":"https:\/\/ladepeche.mr\/index.php?rest_route=\/wp\/v2\/types\/post"}],"author":[{"embeddable":true,"href":"https:\/\/ladepeche.mr\/index.php?rest_route=\/wp\/v2\/users\/2"}],"replies":[{"embeddable":true,"href":"https:\/\/ladepeche.mr\/index.php?rest_route=%2Fwp%2Fv2%2Fcomments&post=15569"}],"version-history":[{"count":1,"href":"https:\/\/ladepeche.mr\/index.php?rest_route=\/wp\/v2\/posts\/15569\/revisions"}],"predecessor-version":[{"id":15571,"href":"https:\/\/ladepeche.mr\/index.php?rest_route=\/wp\/v2\/posts\/15569\/revisions\/15571"}],"wp:featuredmedia":[{"embeddable":true,"href":"https:\/\/ladepeche.mr\/index.php?rest_route=\/wp\/v2\/media\/15570"}],"wp:attachment":[{"href":"https:\/\/ladepeche.mr\/index.php?rest_route=%2Fwp%2Fv2%2Fmedia&parent=15569"}],"wp:term":[{"taxonomy":"category","embeddable":true,"href":"https:\/\/ladepeche.mr\/index.php?rest_route=%2Fwp%2Fv2%2Fcategories&post=15569"},{"taxonomy":"post_tag","embeddable":true,"href":"https:\/\/ladepeche.mr\/index.php?rest_route=%2Fwp%2Fv2%2Ftags&post=15569"}],"curies":[{"name":"wp","href":"https:\/\/api.w.org\/{rel}","templated":true}]}}