{"id":15579,"date":"2025-05-08T15:00:31","date_gmt":"2025-05-08T15:00:31","guid":{"rendered":"https:\/\/ladepeche.mr\/?p=15579"},"modified":"2025-05-08T14:29:11","modified_gmt":"2025-05-08T14:29:11","slug":"sur-hautes-instructions-royales-le-maroc-se-dote-de-douze-plateformes-regionales-pour-une-reponse-rapide-et-coordonnee-aux-situations-durgence","status":"publish","type":"post","link":"https:\/\/ladepeche.mr\/?p=15579","title":{"rendered":"Sur Hautes Instructions Royales, le Maroc se dote de douze plateformes r\u00e9gionales pour une r\u00e9ponse rapide et coordonn\u00e9e aux situations d\u2019urgence"},"content":{"rendered":"<p>Dans le cadre d\u2019une vision nationale strat\u00e9gique et proactive, Sa Majest\u00e9 le Roi Mohammed VI a lanc\u00e9, mercredi, les travaux de construction de la plateforme r\u00e9gionale de r\u00e9serves de premi\u00e8re n\u00e9cessit\u00e9 de la r\u00e9gion de Rabat-Sal\u00e9-K\u00e9nitra. Ce projet, qui s\u2019inscrit dans un programme national ambitieux, vise \u00e0 doter chacune des douze r\u00e9gions que compte le Royaume d\u2019une infrastructure strat\u00e9gique d\u2019intervention en cas de catastrophes.<\/p>\n<p>Ces diff\u00e9rentes plateformes permettront une r\u00e9ponse rapide, coordonn\u00e9e et s\u00e9curis\u00e9e lors d\u2019\u00e9v\u00e9nements majeurs tels que les s\u00e9ismes, les crues, les glissements de terrain, ou encore les accidents industriels, chimiques ou radiologiques. Initi\u00e9e au lendemain du s\u00e9isme d\u2019Al Haouz, cette initiative illustre la d\u00e9termination de Sa Majest\u00e9 \u00e0 renforcer la r\u00e9silience territoriale du Royaume face aux risques naturels et technologiques.<\/p>\n<p>Ce programme national mobilise un investissement global estim\u00e9 \u00e0 7 milliards de dirhams, dont 2 MMDH pour la construction des infrastructures et 5 MMDH pour l\u2019acquisition des produits et \u00e9quipements strat\u00e9giques. Ces plateformes s\u2019\u00e9tendront sur une superficie fonci\u00e8re globale de 240 hectares et comprendront 36 entrep\u00f4ts, r\u00e9partis en fonction de la densit\u00e9 d\u00e9mographique et des risques sp\u00e9cifiques \u00e0 chaque r\u00e9gion. Pour les 6 r\u00e9gions prioritaires \u00e0 savoir; Casablanca-Settat, Rabat-Sal\u00e9-K\u00e9nitra, Marrakech-Safi, F\u00e8s-Mekn\u00e8s, Tanger-T\u00e9touan-Al Hoceima, Souss-Massa, elles disposeront chacune de 4 entrep\u00f4ts de 20.000 m\u00b2. Quant aux 6 autres, elles auront 2 entrep\u00f4ts de 10.000 m\u00b2 chacun.<\/p>\n<p>Pour ce qui est de la plateforme de Rabat-Sal\u00e9-K\u00e9nitra, actuellement, en cours de r\u00e9alisation, elle s\u2019\u00e9tendra sur 20 hectares et comprendra, 4 entrep\u00f4ts de 5.000 m\u00b2 chacun ; 2 abris pour mat\u00e9riel hors gabarit (2.500 m\u00b2 chacun); Un h\u00e9liport et des parkings logistiques. Les travaux de cette plateforme seront achev\u00e9s dans un d\u00e9lai de 12 mois, pour un co\u00fbt total de 287,5 millions de dirhams.<\/p>\n<p>Ces plateformes r\u00e9gionales permettront le d\u00e9ploiement imm\u00e9diat des secours dans un d\u00e9lai moyen de 6 heures apr\u00e8s le d\u00e9clenchement d\u2019une op\u00e9ration. Cette r\u00e9activit\u00e9 est rendue possible gr\u00e2ce \u00e0 un dispositif de gestion unifi\u00e9 et digitalis\u00e9, pilot\u00e9 par la Direction G\u00e9n\u00e9rale de la Protection Civile et supervis\u00e9 par les walis de r\u00e9gions.<\/p>\n<p>Concernant les r\u00e9serves strat\u00e9giques, elles contiendront notamment; 200.000 tentes polyvalentes avec lits de camp, matelas et couvertures ; Boulangeries et cuisines mobiles, ainsi que des kits alimentaires; Stations de potabilisation de l\u2019eau et g\u00e9n\u00e9rateurs \u00e9lectriques remorquables ; \u00c9quipements de sauvetage pour les diff\u00e9rentes typologies de sinistres (inondations, s\u00e9ismes, glissements, risques chimiques, etc.) ;12 h\u00f4pitaux de campagne, dont 6 dans une premi\u00e8re phase, \u00e9quip\u00e9s de modules op\u00e9ratoires et de soins sp\u00e9cialis\u00e9s. Les produits alimentaires et m\u00e9dicaments seront g\u00e9r\u00e9s par des \u00e9quipes sp\u00e9cialis\u00e9es et soumis \u00e0 des protocoles stricts r\u00e9pondant aux normes sanitaires et de s\u00e9curit\u00e9 les plus exigeantes.<\/p>\n<p>Ce projet, inscrit dans une vision Royale, permettra au Maroc de franchir un pas d\u00e9cisif dans la mise en place d\u2019un syst\u00e8me national int\u00e9gr\u00e9 de gestion des crises, fond\u00e9 sur l\u2019anticipation, la logistique, et la souverainet\u00e9 op\u00e9rationnelle.<br \/>\nMAP<\/p>\n","protected":false},"excerpt":{"rendered":"<p>Dans le cadre d\u2019une vision nationale strat\u00e9gique et proactive, Sa Majest\u00e9 le Roi Mohammed VI a lanc\u00e9, mercredi, les travaux de construction de la plateforme r\u00e9gionale de r\u00e9serves de premi\u00e8re n\u00e9cessit\u00e9 de la r\u00e9gion de Rabat-Sal\u00e9-K\u00e9nitra. Ce projet, qui s\u2019inscrit dans un programme national ambitieux, vise \u00e0 doter chacune des douze r\u00e9gions que compte le &hellip;<\/p>\n","protected":false},"author":2,"featured_media":15580,"comment_status":"open","ping_status":"open","sticky":false,"template":"","format":"standard","meta":{"footnotes":""},"categories":[18,29],"tags":[],"class_list":["post-15579","post","type-post","status-publish","format-standard","has-post-thumbnail","hentry","category-actualites","category-monde"],"_links":{"self":[{"href":"https:\/\/ladepeche.mr\/index.php?rest_route=\/wp\/v2\/posts\/15579","targetHints":{"allow":["GET"]}}],"collection":[{"href":"https:\/\/ladepeche.mr\/index.php?rest_route=\/wp\/v2\/posts"}],"about":[{"href":"https:\/\/ladepeche.mr\/index.php?rest_route=\/wp\/v2\/types\/post"}],"author":[{"embeddable":true,"href":"https:\/\/ladepeche.mr\/index.php?rest_route=\/wp\/v2\/users\/2"}],"replies":[{"embeddable":true,"href":"https:\/\/ladepeche.mr\/index.php?rest_route=%2Fwp%2Fv2%2Fcomments&post=15579"}],"version-history":[{"count":1,"href":"https:\/\/ladepeche.mr\/index.php?rest_route=\/wp\/v2\/posts\/15579\/revisions"}],"predecessor-version":[{"id":15581,"href":"https:\/\/ladepeche.mr\/index.php?rest_route=\/wp\/v2\/posts\/15579\/revisions\/15581"}],"wp:featuredmedia":[{"embeddable":true,"href":"https:\/\/ladepeche.mr\/index.php?rest_route=\/wp\/v2\/media\/15580"}],"wp:attachment":[{"href":"https:\/\/ladepeche.mr\/index.php?rest_route=%2Fwp%2Fv2%2Fmedia&parent=15579"}],"wp:term":[{"taxonomy":"category","embeddable":true,"href":"https:\/\/ladepeche.mr\/index.php?rest_route=%2Fwp%2Fv2%2Fcategories&post=15579"},{"taxonomy":"post_tag","embeddable":true,"href":"https:\/\/ladepeche.mr\/index.php?rest_route=%2Fwp%2Fv2%2Ftags&post=15579"}],"curies":[{"name":"wp","href":"https:\/\/api.w.org\/{rel}","templated":true}]}}