{"id":15586,"date":"2025-05-08T17:25:19","date_gmt":"2025-05-08T17:25:19","guid":{"rendered":"https:\/\/ladepeche.mr\/?p=15586"},"modified":"2025-05-08T17:26:21","modified_gmt":"2025-05-08T17:26:21","slug":"le-president-de-la-republique-inaugure-le-nouveau-siege-de-lecole-nationale-dadministration-de-journalisme-et-de-magistrature","status":"publish","type":"post","link":"https:\/\/ladepeche.mr\/?p=15586","title":{"rendered":"Le Pr\u00e9sident de la R\u00e9publique inaugure le nouveau si\u00e8ge de l\u2019Ecole Nationale d\u2019Administration, de Journalisme et de Magistrature"},"content":{"rendered":"<p>S.E. le Pr\u00e9sident de la R\u00e9publique, M. Mohamed Ould Cheikh El-Ghazouani, a inaugur\u00e9, jeudi, le nouveau si\u00e8ge de l\u2019Ecole Nationale d\u2019Administration, de Journalisme et de Magistrature (ENAJM) \u00e0 Nouakchott Ouest.<\/p>\n<p>S.E. le Pr\u00e9sident de la R\u00e9publique et la d\u00e9l\u00e9gation qui l\u2019accompagne ont visit\u00e9 le nouveau b\u00e2timent de cette institution, premier \u00e9tablissement d\u2019enseignement sup\u00e9rieur ouvert dans le pays, et ont re\u00e7u des explications d\u00e9taill\u00e9es avant de couper le ruban symbolique et de d\u00e9voiler la plaque comm\u00e9morative marquant le d\u00e9but de l\u2019utilisation de cet \u00e9tablissement.<\/p>\n<p>Ce b\u00e2timent comprend 24 salles de classe d\u2019une capacit\u00e9 totale de 720 \u00e9tudiants, 36 bureaux administratifs, une grande biblioth\u00e8que pouvant accueillir 70 chercheurs en m\u00eame temps, et deux grands halls comprenant chacun : Une salle de conf\u00e9rence, un laboratoire audiovisuel, un laboratoire de langues, une salle de r\u00e9union, une salle d\u2019informatique, une r\u00e9sidence permanente pour 148 \u00e9tudiants, une mosqu\u00e9e, une clinique m\u00e9dicale et un restaurant enti\u00e8rement \u00e9quip\u00e9.<\/p>\n<p>S\u2019exprimant \u00e0 cette occasion, M. Mamoudou Mamadou Niang, Ministre de l\u2019Habitat, de l\u2019Urbanisme et de l\u2019Am\u00e9nagement du Territoire, a d\u00e9clar\u00e9 que ce projet est une traduction fid\u00e8le du programme \u00e9lectoral du Pr\u00e9sident de la R\u00e9publique \u00ab Mon ambition pour la patrie \u00bb, ce qui confirme le succ\u00e8s du processus de travail et de r\u00e9alisation.<\/p>\n<p>Il a pr\u00e9cis\u00e9 que le b\u00e2timent comprend toutes les infrastructures principales et annexes n\u00e9cessaires pour assurer le d\u00e9roulement de la formation et de l\u2019\u00e9tude dans cet \u00e9difice hautement symbolique, qui a form\u00e9 des g\u00e9n\u00e9rations de cadres qui ont servi le pays avec sinc\u00e9rit\u00e9 et d\u00e9vouement.<\/p>\n<p>Il a soulign\u00e9 qu\u2019il \u00e9tait fier d\u2019annoncer un si\u00e8ge pour l\u2019\u00c9cole nationale d\u2019administration, de journalisme et de magistrature digne de sa longue histoire et de son avenir prometteur.<\/p>\n<p>Le ministre de l\u2019Habitat a d\u00e9clar\u00e9 que la conception, la construction et le suivi de ces infrastructures ont \u00e9t\u00e9 r\u00e9alis\u00e9s avec des comp\u00e9tences nationales, f\u00e9licitant les ing\u00e9nieurs du Minist\u00e8re pour le travail qu\u2019ils ont accompli.<\/p>\n<p>Il a soulign\u00e9 que la construction de cet important \u00e9difice scientifique confirme la vision de S.E. le Pr\u00e9sident de la R\u00e9publique et sa profonde croyance en l\u2019importance de l\u2019\u00e9ducation, de la formation et du savoir, qui sont la seule voie vers un avenir brillant et s\u00fbr, ce qui confirme que de grands projets structurels sont en cours de r\u00e9alisation dans tous les zones de ce cher pays et que nous avan\u00e7ons r\u00e9guli\u00e8rement dans la bonne direction.<\/p>\n<p>La c\u00e9r\u00e9monie s\u2019est d\u00e9roul\u00e9e en pr\u00e9sence de S.E le Premier Ministre El Moctar Ould Djay, du Pr\u00e9sident de l\u2019Assembl\u00e9e Nationale, M. Mohamed Bembe Meguett, du Ministre charg\u00e9 du cabinet du Pr\u00e9sident de la R\u00e9publique, des Ministres Conseillers du Pr\u00e9sident de la R\u00e9publique, des membres du Gouvernement, des Chefs d\u2019Etat Major des Forces Arm\u00e9es et de S\u00e9curit\u00e9, du wali de Nouakchott Ouest, de la vice-Pr\u00e9sidente de la R\u00e9gion de Nouakchott, des membres du corps diplomatique et des repr\u00e9sentants des secteurs minist\u00e9riels concern\u00e9s.<\/p>\n<p>Le Pr\u00e9sident de la R\u00e9publique supervise l\u2019inauguration et la pose de la premi\u00e8re pierre d\u2019importantes installations<\/p>\n","protected":false},"excerpt":{"rendered":"<p>S.E. le Pr\u00e9sident de la R\u00e9publique, M. Mohamed Ould Cheikh El-Ghazouani, a inaugur\u00e9, jeudi, le nouveau si\u00e8ge de l\u2019Ecole Nationale d\u2019Administration, de Journalisme et de Magistrature (ENAJM) \u00e0 Nouakchott Ouest. S.E. le Pr\u00e9sident de la R\u00e9publique et la d\u00e9l\u00e9gation qui l\u2019accompagne ont visit\u00e9 le nouveau b\u00e2timent de cette institution, premier \u00e9tablissement d\u2019enseignement sup\u00e9rieur ouvert dans &hellip;<\/p>\n","protected":false},"author":2,"featured_media":15590,"comment_status":"open","ping_status":"open","sticky":false,"template":"","format":"standard","meta":{"footnotes":""},"categories":[1],"tags":[],"class_list":["post-15586","post","type-post","status-publish","format-standard","has-post-thumbnail","hentry","category-uncategorized"],"_links":{"self":[{"href":"https:\/\/ladepeche.mr\/index.php?rest_route=\/wp\/v2\/posts\/15586","targetHints":{"allow":["GET"]}}],"collection":[{"href":"https:\/\/ladepeche.mr\/index.php?rest_route=\/wp\/v2\/posts"}],"about":[{"href":"https:\/\/ladepeche.mr\/index.php?rest_route=\/wp\/v2\/types\/post"}],"author":[{"embeddable":true,"href":"https:\/\/ladepeche.mr\/index.php?rest_route=\/wp\/v2\/users\/2"}],"replies":[{"embeddable":true,"href":"https:\/\/ladepeche.mr\/index.php?rest_route=%2Fwp%2Fv2%2Fcomments&post=15586"}],"version-history":[{"count":1,"href":"https:\/\/ladepeche.mr\/index.php?rest_route=\/wp\/v2\/posts\/15586\/revisions"}],"predecessor-version":[{"id":15591,"href":"https:\/\/ladepeche.mr\/index.php?rest_route=\/wp\/v2\/posts\/15586\/revisions\/15591"}],"wp:featuredmedia":[{"embeddable":true,"href":"https:\/\/ladepeche.mr\/index.php?rest_route=\/wp\/v2\/media\/15590"}],"wp:attachment":[{"href":"https:\/\/ladepeche.mr\/index.php?rest_route=%2Fwp%2Fv2%2Fmedia&parent=15586"}],"wp:term":[{"taxonomy":"category","embeddable":true,"href":"https:\/\/ladepeche.mr\/index.php?rest_route=%2Fwp%2Fv2%2Fcategories&post=15586"},{"taxonomy":"post_tag","embeddable":true,"href":"https:\/\/ladepeche.mr\/index.php?rest_route=%2Fwp%2Fv2%2Ftags&post=15586"}],"curies":[{"name":"wp","href":"https:\/\/api.w.org\/{rel}","templated":true}]}}