{"id":1559,"date":"2022-08-24T17:44:50","date_gmt":"2022-08-24T17:44:50","guid":{"rendered":"https:\/\/ladepeche.mr\/?p=1559"},"modified":"2022-08-24T17:44:50","modified_gmt":"2022-08-24T17:44:50","slug":"assainissement-a-nouakchott-le-pm-remonte-les-bretelles-a-des-responsables","status":"publish","type":"post","link":"https:\/\/ladepeche.mr\/?p=1559","title":{"rendered":"Assainissement \u00e0 Nouakchott\u00a0: Le PM remonte les bretelles \u00e0 des responsables"},"content":{"rendered":"<p style=\"background: white; margin: 0cm 0cm 12.75pt 0cm;\"><span style=\"font-family: 'LouguiyaFRBold',serif; color: black;\">Ce n\u2019est sans doute pas, pour qui le connait, de son habitude. Mais la situation dans laquelle pataugent les mougataa d\u2019El-Mina et de Dar Naim, pratiquement submerg\u00e9es par les eaux de pluie, irrite Mohamed Ould Billal.<\/span><\/p>\n<p style=\"background: white; margin: 0cm 0cm 12.75pt 0cm;\"><span style=\"font-family: 'LouguiyaFRBold',serif; color: black;\">Le premier ministre aurait, selon des sources pr\u00e9sentes, franchement exprim\u00e9 sa d\u00e9ception et son ire face \u00e0 la situation de ces deux moughataas dont les principales art\u00e8res sont devenues impraticables et o\u00f9 la circulation est devenue risqu\u00e9e pour la sant\u00e9 des populations, la circulation des automobilistes et tous les autres usagers.<\/span><\/p>\n<p style=\"background: white; margin: 0cm 0cm 12.75pt 0cm;\"><span style=\"font-family: 'LouguiyaFRBold',serif; color: black;\">Le PM ne serait donc pas satisfait des op\u00e9rations d\u2019\u00e9vacuation des eaux de pluies, men\u00e9es jusqu\u2019ici dans ces deux moughataas. A toutes les \u00e9tapes, le PM a donc insist\u00e9 sur le redoublement des efforts pour \u00e9vacuer au plus vite les eaux stagnantes. <\/span><\/p>\n<p style=\"background: white; margin: 0cm 0cm 12.75pt 0cm;\"><span style=\"font-family: 'LouguiyaFRBold',serif; color: black;\">Dans une d\u00e9claration relay\u00e9e par nos confr\u00e8res de l\u2019AMI, Mohamed Ould Billal, aurait notamment d\u00e9clar\u00e9 que \u00ab\u00a0tous les moyens n\u00e9cessaires \u00e0 l\u2019\u00e9vacuation compl\u00e8te des eaux stagnantes seront d\u00e9ploy\u00e9s pour un retour rapide \u00e0 une situation de normalit\u00e9, assurant que fort heureusement la situation est actuellement sous contr\u00f4le, en d\u00e9pit des difficult\u00e9s que connaissent certains quartiers\u00a0\u00bb.<\/span><\/p>\n","protected":false},"excerpt":{"rendered":"<p>Ce n\u2019est sans doute pas, pour qui le connait, de son habitude. Mais la situation dans laquelle pataugent les mougataa d\u2019El-Mina et de Dar Naim, pratiquement submerg\u00e9es par les eaux de pluie, irrite Mohamed Ould Billal. Le premier ministre aurait, selon des sources pr\u00e9sentes, franchement exprim\u00e9 sa d\u00e9ception et son ire face \u00e0 la situation &hellip;<\/p>\n","protected":false},"author":2,"featured_media":1560,"comment_status":"open","ping_status":"open","sticky":false,"template":"","format":"standard","meta":{"footnotes":""},"categories":[18],"tags":[],"class_list":["post-1559","post","type-post","status-publish","format-standard","has-post-thumbnail","hentry","category-actualites"],"_links":{"self":[{"href":"https:\/\/ladepeche.mr\/index.php?rest_route=\/wp\/v2\/posts\/1559","targetHints":{"allow":["GET"]}}],"collection":[{"href":"https:\/\/ladepeche.mr\/index.php?rest_route=\/wp\/v2\/posts"}],"about":[{"href":"https:\/\/ladepeche.mr\/index.php?rest_route=\/wp\/v2\/types\/post"}],"author":[{"embeddable":true,"href":"https:\/\/ladepeche.mr\/index.php?rest_route=\/wp\/v2\/users\/2"}],"replies":[{"embeddable":true,"href":"https:\/\/ladepeche.mr\/index.php?rest_route=%2Fwp%2Fv2%2Fcomments&post=1559"}],"version-history":[{"count":1,"href":"https:\/\/ladepeche.mr\/index.php?rest_route=\/wp\/v2\/posts\/1559\/revisions"}],"predecessor-version":[{"id":1561,"href":"https:\/\/ladepeche.mr\/index.php?rest_route=\/wp\/v2\/posts\/1559\/revisions\/1561"}],"wp:featuredmedia":[{"embeddable":true,"href":"https:\/\/ladepeche.mr\/index.php?rest_route=\/wp\/v2\/media\/1560"}],"wp:attachment":[{"href":"https:\/\/ladepeche.mr\/index.php?rest_route=%2Fwp%2Fv2%2Fmedia&parent=1559"}],"wp:term":[{"taxonomy":"category","embeddable":true,"href":"https:\/\/ladepeche.mr\/index.php?rest_route=%2Fwp%2Fv2%2Fcategories&post=1559"},{"taxonomy":"post_tag","embeddable":true,"href":"https:\/\/ladepeche.mr\/index.php?rest_route=%2Fwp%2Fv2%2Ftags&post=1559"}],"curies":[{"name":"wp","href":"https:\/\/api.w.org\/{rel}","templated":true}]}}