{"id":15592,"date":"2025-05-08T18:16:29","date_gmt":"2025-05-08T18:16:29","guid":{"rendered":"https:\/\/ladepeche.mr\/?p=15592"},"modified":"2025-05-08T18:16:29","modified_gmt":"2025-05-08T18:16:29","slug":"inauguration-du-centre-dhebergement-de-donnees-numeriques-de-nouakchott","status":"publish","type":"post","link":"https:\/\/ladepeche.mr\/?p=15592","title":{"rendered":"Inauguration du centre d\u2019h\u00e9bergement de donn\u00e9es num\u00e9riques de Nouakchott"},"content":{"rendered":"<p>Le Pr\u00e9sident de la R\u00e9publique SEM Mohamed Ould El-Ghazaouani, en pr\u00e9sence de S.E.M. Ahmed Salem Bede Etvagha, Ministre de la Transformation Num\u00e9rique et de la Modernisation de l\u2019Administration, de SEM Joaquin Tasso Vilallonga, Ambassadeur de l\u2019Union Europ\u00e9enne et de Mme Svetla Stoeva, Chef d\u2019Unit\u00e9 secteur public pour l\u2019Afrique de l\u2019Ouest et Centrale de la Banque Europ\u00e9enne d\u2019Investissement (BEI), ont inaugur\u00e9 le jeudi 08 mai 2025 le centre d\u2019h\u00e9bergement de donn\u00e9es num\u00e9riques, d\u00e9nomm\u00e9 Data Center de Nouakchott. Ce projet permettra le renforcement de la souverainet\u00e9 num\u00e9rique de la Mauritanie et contribuera \u00e0 am\u00e9liorer sa connectivit\u00e9 et la participation du secteur priv\u00e9 \u00e0 son d\u00e9veloppement national et r\u00e9gional, objectifs poursuivis par le West African Regional Communications Infrastructure Programme (WARCIP). <\/p>\n<p>L\u2019appui \u00e0 la cr\u00e9ation du Data Center Tier III, \u00e0 travers un financement de la Banque Europ\u00e9enne d\u2019Investissement (BEI) s\u2019\u00e9levant \u00e0 15 millions d\u2019euros, comprend la construction du b\u00e2timent qui h\u00e9bergera les donn\u00e9es, le contrat de suivi et de contr\u00f4le de la construction ainsi que la certification Tier III par l&#8217;Uptime Institute, qui permettra d\u2019attirer les banques et soci\u00e9t\u00e9s priv\u00e9es de haut niveau gr\u00e2ce \u00e0 un degr\u00e9 de s\u00e9curisation des donn\u00e9es maximal. <\/p>\n<p>Au nom de l\u2019Equipe Europe, SEM Joaquin Tasso Vilallonga, Ambassadeur de l&#8217;Union europ\u00e9enne aupr\u00e8s de la R\u00e9publique Islamique de la Mauritanie, a soulign\u00e9 : \u00ab Le d\u00e9veloppement des technologies num\u00e9riques sur le continent est l&#8217;une des priorit\u00e9s de l\u2019UE et de la BEI, en ligne avec la strat\u00e9gie de l&#8217;UE pour la transformation num\u00e9rique en Afrique et l\u2019initiative Global Gateway. Le data center offrira \u00e0 la Mauritanie un outil de transition num\u00e9rique s\u00e9curis\u00e9 et performant pour digitaliser le secteur public et proposer des solutions d\u2019h\u00e9bergement au secteur priv\u00e9. \u00bb <\/p>\n<p>M. Ambroise Fayolle, Vice-pr\u00e9sident de la Banque europ\u00e9enne d\u2019investissement, a rajout\u00e9 : \u00ab Je me r\u00e9jouis que la Banque soutienne un projet aussi important pour le d\u00e9veloppement de la Mauritanie. Le financement du Centre de donn\u00e9es national de Nouakchott et sa certification Tier III constitue une avanc\u00e9e majeure en mati\u00e8re d\u2019infrastructure num\u00e9rique pour le pays. Je tiens \u00e0 remercier la R\u00e9publique islamique de la Mauritanie pour la confiance qu&#8217;elle accorde \u00e0 notre institution et pour la qualit\u00e9 de notre partenariat. Avec EIB Global, notre branche d\u00e9di\u00e9e au d\u00e9veloppement, notre ambition est de soutenir l&#8217;initiative Global Gateway de l&#8217;Union europ\u00e9enne et des secteurs cl\u00e9s dans les pays partenaires, notamment en Afrique, tels que l&#8217;innovation, l&#8217;\u00e9conomie num\u00e9rique, les \u00e9nergies renouvelables, l&#8217;eau, l&#8217;agriculture et les transports. \u00bb <\/p>\n<p>SEM Ahmed Salem Bede Etvagha, Ministre de la Transformation Num\u00e9rique et de la Modernisation de l\u2019Administration, a quant \u00e0 lui d\u00e9clar\u00e9 \u00ab Cette inauguration aujourd\u2019hui marque une \u00e9tape importante dans la mise en oeuvre de notre strat\u00e9gie num\u00e9rique nationale et plus particuli\u00e8rement notre strat\u00e9gie des infrastructures num\u00e9riques du pays. La construction, la mise en exploitation, et l\u2019obtention des certifications n\u00e9cessaires \u00e0 ce Data Center Tier 3 permettront d\u2019offrir une solution ad\u00e9quate aux besoins nationaux en termes d\u2019h\u00e9bergement et de s\u00e9curit\u00e9 des donn\u00e9es nationales et internationales. Cette solution est renforc\u00e9e par la connectivit\u00e9 r\u00e9gionale et globale accrue qu\u2019offre notre r\u00e9seau dorsal de c\u00e2bles nationaux, r\u00e9gionaux et sous-marins pla\u00e7ant ainsi la Mauritanie comme un Hub de connectivit\u00e9 r\u00e9gional \u00bb. <\/p>\n<p>Le centre de donn\u00e9es permettra \u00e0 la Mauritanie de renforcer sa souverainet\u00e9 num\u00e9rique, de localiser l&#8217;h\u00e9bergement des donn\u00e9es num\u00e9riques nationales dans le pays et d\u2019am\u00e9liorer le respect des normes de s\u00e9curit\u00e9 en mati\u00e8re d\u2019\u00e9changes de donn\u00e9es num\u00e9riques. C\u2019est un outil essentiel pour la transition num\u00e9rique, participant \u00e0 la digitalisation du secteur public et de l\u2019\u00e9conomie mauritanienne. <\/p>\n<p>Ce projet s\u2019inscrit dans le West African Regional Communications Infrastructure Program (WARCIP) cofinanc\u00e9 avec la Banque Mondiale qui assure la partie construction de liaisons dorsales interurbaines en fibre optique dans le Nord-Est, le Sud et le Sud-Est de la Mauritanie, avec des points de connexion internationaux \u00e0 proximit\u00e9 des fronti\u00e8res du S\u00e9n\u00e9gal et du Mali.<\/p>\n<p>Le data center constitue \u00e9galement un compl\u00e9ment pertinent aux efforts de la R\u00e9publique Islamique de Mauritanie, avec l\u2019appui de l\u2019Union europ\u00e9enne, pour am\u00e9liorer la connectivit\u00e9 du pays et faciliter sa transition digitale, gr\u00e2ce \u00e0 l\u2019interconnexion au c\u00e2ble sous-marin Africa Coast to Europe (ACE) en 2010, et plus r\u00e9cemment l\u2019attribution d\u2019un march\u00e9 \u00e0 l\u2019entreprise Ellalink pour le d\u00e9ploiement d\u2019un second c\u00e2ble sous-marin, tous deux financ\u00e9s par la Banque Europ\u00e9enne d\u2019Investissement. <\/p>\n<p>D\u00e8s sa mise en service, le data center sera g\u00e9r\u00e9 par International Mauritania Telecom (IMT) qui regroupe en plus de l\u2019Etat (\u00e0 travers Mauripost) les 3 op\u00e9rateurs t\u00e9l\u00e9com du pays.<\/p>\n<p>Informations g\u00e9n\u00e9rales<\/p>\n<p>\u00c0 propos de la Banque europ\u00e9enne d&#8217;investissement (BEI)<\/p>\n<p>La Banque europ\u00e9enne d&#8217;investissement (BEI) est l&#8217;institution de pr\u00eat de l&#8217;Union europ\u00e9enne (UE) d\u00e9tenue par ses \u00c9tats membres. Elle met \u00e0 disposition des financements \u00e0 long terme pour des investissements sains afin de contribuer \u00e0 la r\u00e9alisation des objectifs politiques de l&#8217;UE<br \/>\nLa BEI est un partenaire solide des pays africains depuis plus de 55 ans. A travers EIB Global, la banque renforce sa pr\u00e9sence en Afrique. Au cours de la derni\u00e8re d\u00e9cennie, la BEI a fourni plus de 28 milliards d&#8217;euros pour des investissements dans les technologies innovantes, l&#8217;\u00e9nergie verte, l&#8217;eau, l&#8217;\u00e9ducation, l&#8217;agriculture, les t\u00e9l\u00e9communications, la sant\u00e9 et les entreprises dans 40 pays du continent. Rien que depuis le d\u00e9but de la pand\u00e9mie en 2019-2020, la BEI a fourni plus de 8,5 milliards d&#8217;euros pour de nouveaux investissements priv\u00e9s et publics dans toute l&#8217;Afrique.<\/p>\n<p>EIB Global est la branche sp\u00e9cialis\u00e9e du Groupe BEI qui se consacre \u00e0 accro\u00eetre l&#8217;impact des partenariats internationaux et du financement du d\u00e9veloppement. EIB Global est con\u00e7u pour favoriser un partenariat solide et cibl\u00e9 au sein de Team Europe, aux c\u00f4t\u00e9s d&#8217;autres institutions de financement du d\u00e9veloppement et de la soci\u00e9t\u00e9 civile. EIB Global rapproche le Groupe des populations, des entreprises et des institutions locales gr\u00e2ce \u00e0 nos bureaux \u00e0 travers le monde.<\/p>\n<p>Site internet www.eib.org<\/p>\n","protected":false},"excerpt":{"rendered":"<p>Le Pr\u00e9sident de la R\u00e9publique SEM Mohamed Ould El-Ghazaouani, en pr\u00e9sence de S.E.M. Ahmed Salem Bede Etvagha, Ministre de la Transformation Num\u00e9rique et de la Modernisation de l\u2019Administration, de SEM Joaquin Tasso Vilallonga, Ambassadeur de l\u2019Union Europ\u00e9enne et de Mme Svetla Stoeva, Chef d\u2019Unit\u00e9 secteur public pour l\u2019Afrique de l\u2019Ouest et Centrale de la Banque &hellip;<\/p>\n","protected":false},"author":2,"featured_media":15593,"comment_status":"open","ping_status":"open","sticky":false,"template":"","format":"standard","meta":{"footnotes":""},"categories":[18,2,19],"tags":[],"class_list":["post-15592","post","type-post","status-publish","format-standard","has-post-thumbnail","hentry","category-actualites","category-economie","category-tribune"],"_links":{"self":[{"href":"https:\/\/ladepeche.mr\/index.php?rest_route=\/wp\/v2\/posts\/15592","targetHints":{"allow":["GET"]}}],"collection":[{"href":"https:\/\/ladepeche.mr\/index.php?rest_route=\/wp\/v2\/posts"}],"about":[{"href":"https:\/\/ladepeche.mr\/index.php?rest_route=\/wp\/v2\/types\/post"}],"author":[{"embeddable":true,"href":"https:\/\/ladepeche.mr\/index.php?rest_route=\/wp\/v2\/users\/2"}],"replies":[{"embeddable":true,"href":"https:\/\/ladepeche.mr\/index.php?rest_route=%2Fwp%2Fv2%2Fcomments&post=15592"}],"version-history":[{"count":1,"href":"https:\/\/ladepeche.mr\/index.php?rest_route=\/wp\/v2\/posts\/15592\/revisions"}],"predecessor-version":[{"id":15594,"href":"https:\/\/ladepeche.mr\/index.php?rest_route=\/wp\/v2\/posts\/15592\/revisions\/15594"}],"wp:featuredmedia":[{"embeddable":true,"href":"https:\/\/ladepeche.mr\/index.php?rest_route=\/wp\/v2\/media\/15593"}],"wp:attachment":[{"href":"https:\/\/ladepeche.mr\/index.php?rest_route=%2Fwp%2Fv2%2Fmedia&parent=15592"}],"wp:term":[{"taxonomy":"category","embeddable":true,"href":"https:\/\/ladepeche.mr\/index.php?rest_route=%2Fwp%2Fv2%2Fcategories&post=15592"},{"taxonomy":"post_tag","embeddable":true,"href":"https:\/\/ladepeche.mr\/index.php?rest_route=%2Fwp%2Fv2%2Ftags&post=15592"}],"curies":[{"name":"wp","href":"https:\/\/api.w.org\/{rel}","templated":true}]}}