{"id":15598,"date":"2025-05-09T13:48:13","date_gmt":"2025-05-09T13:48:13","guid":{"rendered":"https:\/\/ladepeche.mr\/?p=15598"},"modified":"2025-05-09T13:48:13","modified_gmt":"2025-05-09T13:48:13","slug":"dette-electrique-la-facture-du-mali-salourdit","status":"publish","type":"post","link":"https:\/\/ladepeche.mr\/?p=15598","title":{"rendered":"Dette \u00e9lectrique : la facture du Mali s\u2019alourdit"},"content":{"rendered":"<p>Le Mali fait face \u00e0 une demande urgente de remboursement de dette. En effet, il doit une somme substantielle de 94 millions de dollars, soit plus de 54 milliards de francs CFA, envers la Soci\u00e9t\u00e9 de gestion de Manantali (SOGEM). Cette somme majeure met en danger le fonctionnement permanent et continu du barrage hydro\u00e9lectrique de Manantali, infrastructure d\u2019un atout majeur pour le Mali, le S\u00e9n\u00e9gal et la Mauritanie. Selon un document consult\u00e9 par Reuters, cette dette repr\u00e9sente d\u00e9sormais une question de survie pour la capacit\u00e9 de l\u2019installation \u00e0 poursuivre ses op\u00e9rations.<\/p>\n<p>Quelles sont les raisons de ces impay\u00e9s de factures \u00e9lectriques au Mali?<\/p>\n<p>Le Mali risque de faire face \u00e0 de nouvelles perturbations dans l\u2019approvisionnement de l\u2019\u00e9lectricit\u00e9 en raison de son manque de financement. Les coupures fr\u00e9quentes de ces derni\u00e8res ann\u00e9es ont d\u00e9truit le soutien envers le gouvernement militaire arriv\u00e9 au pouvoir suite aux coups d\u2019\u00c9tat de 2020 et 2021. Op\u00e9rationnel depuis 2002, le barrage et la centrale de Manantali ont une capacit\u00e9 install\u00e9e de 200 m\u00e9gawatts. Il faut le notifier, plus de la moiti\u00e9 de cette production est destin\u00e9e au Mali.<\/p>\n<p>Une lettre dat\u00e9e du 25 avril de la SOGEM a \u00e9t\u00e9 adress\u00e9e au directeur g\u00e9n\u00e9ral d\u2019\u00c9nergie du Mali, la compagnie d\u2019\u00e9lectricit\u00e9 malienne. Dans ce courrier, la SOGEM mentionne que le Bamako doit \u00ab un montant \u00e9norme de plus de 54 milliards de francs CFA \u00bb. Pour la SOGEM, cette situation est critique et repr\u00e9sente dor\u00e9navant \u00ab une question de vie ou de mort pour nos installations et pour la SOGEM \u00bb, comme l\u2019indique la lettre sign\u00e9e par son directeur g\u00e9n\u00e9ral, Mohamed Mahmoud Sid\u2019Elemine.<\/p>\n<p>L \u2019\u00c9nergie du Mali a reconnu qu\u2019elle devait 43,8 milliards de francs CFA \u00e0 la SOGEM, dans une d\u00e9claration transmise \u00e0 Reuters jeudi. La compagnie a \u00e9galement admis une dette de plus de 11,9 milliards de francs CFA envers une autre entit\u00e9 impliqu\u00e9e dans l\u2019exploitation et la maintenance du barrage. Interrog\u00e9 sur les raisons de ces impay\u00e9s, il a donn\u00e9 pour r\u00e9ponse que les projets de la SOGEM ainsi que d\u2019autres barrages, ont connu \u00ab des retards importants \u00bb, ce qui a affect\u00e9 le secteur de l\u2019\u00e9nergie au Mali.<\/p>\n<p>La compagnie d\u2019\u00e9lectricit\u00e9 a ajout\u00e9 qu\u2019elle \u00ab a d\u00fb compenser le manque de production pr\u00e9vu en recourant \u00e0 des solutions co\u00fbteuses, y compris la location de groupes \u00e9lectrog\u00e8nes aupr\u00e8s d\u2019op\u00e9rateurs priv\u00e9s \u00bb. La lettre de la SOGEM mentionne que le projet de Manantali est un succ\u00e8s de la coop\u00e9ration r\u00e9gionale. Sa mise en \u0153uvre a n\u00e9cessit\u00e9 des investissements de centaines de milliards de francs CFA.<\/p>\n<blockquote class=\"wp-embedded-content\" data-secret=\"ghg8xd0zS3\"><p><a href=\"https:\/\/www.afrique-sur7.fr\/dette-electrique-la-facture-du-mali-salourdit\">Dette \u00e9lectrique : la facture du Mali s\u2019alourdit<\/a><\/p><\/blockquote>\n<p><iframe loading=\"lazy\" class=\"wp-embedded-content\" sandbox=\"allow-scripts\" security=\"restricted\" style=\"position: absolute; visibility: hidden;\" title=\"\u00ab\u00a0Dette \u00e9lectrique : la facture du Mali s\u2019alourdit\u00a0\u00bb &#8212; Afrique sur 7\" src=\"https:\/\/www.afrique-sur7.fr\/dette-electrique-la-facture-du-mali-salourdit\/embed#?secret=mB2wrq7z5G#?secret=ghg8xd0zS3\" data-secret=\"ghg8xd0zS3\" width=\"500\" height=\"282\" frameborder=\"0\" marginwidth=\"0\" marginheight=\"0\" scrolling=\"no\"><\/iframe><\/p>\n","protected":false},"excerpt":{"rendered":"<p>Le Mali fait face \u00e0 une demande urgente de remboursement de dette. En effet, il doit une somme substantielle de 94 millions de dollars, soit plus de 54 milliards de francs CFA, envers la Soci\u00e9t\u00e9 de gestion de Manantali (SOGEM). Cette somme majeure met en danger le fonctionnement permanent et continu du barrage hydro\u00e9lectrique de &hellip;<\/p>\n","protected":false},"author":2,"featured_media":15600,"comment_status":"open","ping_status":"open","sticky":false,"template":"","format":"standard","meta":{"footnotes":""},"categories":[18,2,28],"tags":[],"class_list":["post-15598","post","type-post","status-publish","format-standard","has-post-thumbnail","hentry","category-actualites","category-economie","category-sahel"],"_links":{"self":[{"href":"https:\/\/ladepeche.mr\/index.php?rest_route=\/wp\/v2\/posts\/15598","targetHints":{"allow":["GET"]}}],"collection":[{"href":"https:\/\/ladepeche.mr\/index.php?rest_route=\/wp\/v2\/posts"}],"about":[{"href":"https:\/\/ladepeche.mr\/index.php?rest_route=\/wp\/v2\/types\/post"}],"author":[{"embeddable":true,"href":"https:\/\/ladepeche.mr\/index.php?rest_route=\/wp\/v2\/users\/2"}],"replies":[{"embeddable":true,"href":"https:\/\/ladepeche.mr\/index.php?rest_route=%2Fwp%2Fv2%2Fcomments&post=15598"}],"version-history":[{"count":1,"href":"https:\/\/ladepeche.mr\/index.php?rest_route=\/wp\/v2\/posts\/15598\/revisions"}],"predecessor-version":[{"id":15599,"href":"https:\/\/ladepeche.mr\/index.php?rest_route=\/wp\/v2\/posts\/15598\/revisions\/15599"}],"wp:featuredmedia":[{"embeddable":true,"href":"https:\/\/ladepeche.mr\/index.php?rest_route=\/wp\/v2\/media\/15600"}],"wp:attachment":[{"href":"https:\/\/ladepeche.mr\/index.php?rest_route=%2Fwp%2Fv2%2Fmedia&parent=15598"}],"wp:term":[{"taxonomy":"category","embeddable":true,"href":"https:\/\/ladepeche.mr\/index.php?rest_route=%2Fwp%2Fv2%2Fcategories&post=15598"},{"taxonomy":"post_tag","embeddable":true,"href":"https:\/\/ladepeche.mr\/index.php?rest_route=%2Fwp%2Fv2%2Ftags&post=15598"}],"curies":[{"name":"wp","href":"https:\/\/api.w.org\/{rel}","templated":true}]}}