{"id":15601,"date":"2025-05-09T14:34:28","date_gmt":"2025-05-09T14:34:28","guid":{"rendered":"https:\/\/ladepeche.mr\/?p=15601"},"modified":"2025-05-09T14:34:28","modified_gmt":"2025-05-09T14:34:28","slug":"soutenance-de-these-a-luniversite-cheikh-anta-diop-sur-les-politiques-monetaires-et-budgetaires-en-mauritanie","status":"publish","type":"post","link":"https:\/\/ladepeche.mr\/?p=15601","title":{"rendered":"Soutenance de th\u00e8se \u00e0 l&#8217;Universit\u00e9 Cheikh Anta Diop sur les politiques mon\u00e9taires et budg\u00e9taires en Mauritanie"},"content":{"rendered":"<p>Le 7 mai 2025, les couloirs de l&#8217;Universit\u00e9 Cheikh Anta Diop \u00e0 Dakar ont accueilli, sous la supervision d&#8217;un groupe d&#8217;enseignants distingu\u00e9s dirig\u00e9 par le doyen de la Facult\u00e9 d&#8217;\u00e9conomie et de gestion, la soutenance de th\u00e8se en ing\u00e9nierie financi\u00e8re et \u00e9conomique du chercheur Dr. Ahmedou Ould Bouh, charg\u00e9 de mission au minist\u00e8re de l&#8217;\u00c9conomie et des Finances. La th\u00e8se portait le titre suivant :<br \/>\n\u00abPolitiques budg\u00e9taire , politique mon\u00e9taire et stabilisation des chocs ext\u00e9rieurs: cas de l\u2019\u00e9conomie mauritanienne\u00bb.<br \/>\nCette th\u00e8se en ing\u00e9nierie financi\u00e8re s&#8217;est appuy\u00e9e sur l&#8217;utilisation d&#8217;outils de math\u00e9matiques appliqu\u00e9es, d&#8217;informatique, de statistiques et de th\u00e9ories \u00e9conomiques.<\/p>\n<p>Le chercheur a appliqu\u00e9, pour la premi\u00e8re fois, le mod\u00e8le autor\u00e9gressif vectoriel (VAR) sur l&#8217;\u00e9conomie mauritanienne pour la p\u00e9riode de 1994 \u00e0 2022, un mod\u00e8le \u00e9conom\u00e9trique capable de saisir les relations entre plusieurs s\u00e9ries chronologiques.<\/p>\n<p> Ce mod\u00e8le offre aux chercheurs, \u00e9tudiants et d\u00e9cideurs en Mauritanie un outil innovant pour analyser l&#8217;\u00e9conomie nationale sur une p\u00e9riode de 28 ans.<\/p>\n<p>La th\u00e8se a re\u00e7u une \u00e9valuation tr\u00e8s positive, qualifi\u00e9e de &#8220;Tr\u00e8s honorable&#8221; par le jury scientifique.<\/p>\n<p>La soutenance s&#8217;est d\u00e9roul\u00e9e en pr\u00e9sence de Son Excellence Mohamed Ould Khattar, charg\u00e9 d&#8217;affaires de l&#8217;ambassade de Mauritanie \u00e0 Dakar, ce qui a ajout\u00e9 une dimension officielle et un soutien important \u00e0 cet \u00e9v\u00e9nement scientifique de haut niveau.<\/p>\n","protected":false},"excerpt":{"rendered":"<p>Le 7 mai 2025, les couloirs de l&#8217;Universit\u00e9 Cheikh Anta Diop \u00e0 Dakar ont accueilli, sous la supervision d&#8217;un groupe d&#8217;enseignants distingu\u00e9s dirig\u00e9 par le doyen de la Facult\u00e9 d&#8217;\u00e9conomie et de gestion, la soutenance de th\u00e8se en ing\u00e9nierie financi\u00e8re et \u00e9conomique du chercheur Dr. Ahmedou Ould Bouh, charg\u00e9 de mission au minist\u00e8re de l&#8217;\u00c9conomie &hellip;<\/p>\n","protected":false},"author":2,"featured_media":15602,"comment_status":"open","ping_status":"open","sticky":false,"template":"","format":"standard","meta":{"footnotes":""},"categories":[18,19],"tags":[],"class_list":["post-15601","post","type-post","status-publish","format-standard","has-post-thumbnail","hentry","category-actualites","category-tribune"],"_links":{"self":[{"href":"https:\/\/ladepeche.mr\/index.php?rest_route=\/wp\/v2\/posts\/15601","targetHints":{"allow":["GET"]}}],"collection":[{"href":"https:\/\/ladepeche.mr\/index.php?rest_route=\/wp\/v2\/posts"}],"about":[{"href":"https:\/\/ladepeche.mr\/index.php?rest_route=\/wp\/v2\/types\/post"}],"author":[{"embeddable":true,"href":"https:\/\/ladepeche.mr\/index.php?rest_route=\/wp\/v2\/users\/2"}],"replies":[{"embeddable":true,"href":"https:\/\/ladepeche.mr\/index.php?rest_route=%2Fwp%2Fv2%2Fcomments&post=15601"}],"version-history":[{"count":1,"href":"https:\/\/ladepeche.mr\/index.php?rest_route=\/wp\/v2\/posts\/15601\/revisions"}],"predecessor-version":[{"id":15603,"href":"https:\/\/ladepeche.mr\/index.php?rest_route=\/wp\/v2\/posts\/15601\/revisions\/15603"}],"wp:featuredmedia":[{"embeddable":true,"href":"https:\/\/ladepeche.mr\/index.php?rest_route=\/wp\/v2\/media\/15602"}],"wp:attachment":[{"href":"https:\/\/ladepeche.mr\/index.php?rest_route=%2Fwp%2Fv2%2Fmedia&parent=15601"}],"wp:term":[{"taxonomy":"category","embeddable":true,"href":"https:\/\/ladepeche.mr\/index.php?rest_route=%2Fwp%2Fv2%2Fcategories&post=15601"},{"taxonomy":"post_tag","embeddable":true,"href":"https:\/\/ladepeche.mr\/index.php?rest_route=%2Fwp%2Fv2%2Ftags&post=15601"}],"curies":[{"name":"wp","href":"https:\/\/api.w.org\/{rel}","templated":true}]}}