{"id":15607,"date":"2025-05-09T15:00:29","date_gmt":"2025-05-09T15:00:29","guid":{"rendered":"https:\/\/ladepeche.mr\/?p=15607"},"modified":"2025-05-09T14:52:13","modified_gmt":"2025-05-09T14:52:13","slug":"le-president-de-la-republique-inaugure-lexposition-internationale-et-le-musee-de-la-sira-du-prophete","status":"publish","type":"post","link":"https:\/\/ladepeche.mr\/?p=15607","title":{"rendered":"Le Pr\u00e9sident de la R\u00e9publique inaugure l\u2019exposition internationale et le mus\u00e9e de la \u2018\u2019Sira\u2019\u2019 du Proph\u00e8te"},"content":{"rendered":"<p>S.E. le Pr\u00e9sident de la R\u00e9publique, M. Mohamed Ould Cheikh El Ghazouani, a inaugur\u00e9, jeudi soir \u00e0 Nouakchott, l\u2019exposition internationale et le mus\u00e9e de la \u2018\u2019Sira\u2019\u2019 (biographie) du Proph\u00e8te, Paix et Salut sur Lui et de la civilisation islamique.<\/p>\n<p>S.E. le Pr\u00e9sident a visit\u00e9 le mus\u00e9e et a suivi des explications d\u00e9taill\u00e9es de la part des conservateurs avant de couper le ruban symbolique marquant l\u2019inauguration de l\u2019exposition.<\/p>\n<p>Apr\u00e8s avoir coup\u00e9 le ruban symbolique marquant le d\u00e9but effectif de cet important \u00e9difice scientifique, Son Excellence a visit\u00e9 les couloirs du mus\u00e9e o\u00f9 il a re\u00e7u des explications d\u00e9taill\u00e9es de la part du personnel du mus\u00e9e.<\/p>\n<p>Son Excellence a ensuite sign\u00e9 le livre d\u2019or du Mus\u00e9e et de l\u2019Exposition de la \u2018\u2019Sira\u2019\u2019 du Proph\u00e8te.<\/p>\n<p>Cet \u00e9difice scientifique, qui s\u2019attache \u00e0 diffuser la biographie du Proph\u00e8te de la mani\u00e8re la plus moderne, refl\u00e8te la volont\u00e9 de la Mauritanie d\u2019\u00eatre l\u2019un des premiers pays \u00e0 l\u2019abriter.<\/p>\n<p>Le projet constitue une extension du si\u00e8ge qui se trouve \u00e0 la Mecque et \u00e0 M\u00e9dine, cr\u00e9\u00e9 sous l\u2019\u00e9gide de la Ligue islamique mondiale, en partenariat avec la R\u00e9publique islamique de Mauritanie.<\/p>\n<p>L\u2019exposition comprend plus de 20 pavillons scientifiques, enrichis par les techniques du r\u00e9el et de la r\u00e9alit\u00e9 virtuelle, d\u2019hologrammes et de technologies intelligentes, avec plus de 50 \u00e9crans interactifs, afin de pr\u00e9senter la biographie du Proph\u00e8te de mani\u00e8re interactive et tridimensionnelle dans les trois langues principales : l\u2019arabe, le fran\u00e7ais et l\u2019anglais, en plus de l\u2019indon\u00e9sien et de l\u2019ourdou.<\/p>\n<p>Lors de son intervention \u00e0 cette occasion, le ministre de la culture, des arts, de la communication et des relations avec le parlement, porte-parole du gouvernement, El Houssein Ould Medou a indiqu\u00e9 que l\u2019ouverture de l\u2019exposition de la \u2019\u2019Sira\u2019\u2019 du Proph\u00e8te (PSL), est le couronnement de l\u2019int\u00e9r\u00eat que porte le Pr\u00e9sident de la R\u00e9publique aux enseignements religieux et au r\u00f4le des savants dans la diffusion des valeurs de mod\u00e9ration et de pond\u00e9ration, \u00e0 travers son programme d\u00e9di\u00e9 \u00e0 la place de l\u2019Islam pour renforcer et valoriser l\u2019unit\u00e9 de la foi du peuple mauritanien.<\/p>\n<p>Il a ajout\u00e9 que cette inauguration est l\u2019occasion d\u2019exprimer nos remerciements et notre gratitude au Royaume d\u2019Arabie saoudite pour ses efforts b\u00e9nis au service de l\u2019islam et des musulmans, ainsi qu\u2019\u00e0 la Ligue Islamique mondiale pour avoir soutenu, supervis\u00e9 et aid\u00e9 ces monuments culturels \u00e0 livrer leurs fruits et leur message civilisationnel et humanitaire \u00e0 toutes les parties du monde.<\/p>\n<p>Il a expliqu\u00e9 que les \u2018\u2019Chenaghitas\u2019\u2019 (habitants du Bilad Chinguitty) ont port\u00e9 les flambeaux de la charia et de la langue, mais aussi de la jurisprudence, des fondements de l\u2019Islam, du hadith, de l\u2019interpr\u00e9tation du Saint Coran, de la litt\u00e9rature, de la po\u00e9sie et de la \u2018\u2019Sira\u2019\u2019, soulignant que partout o\u00f9 ils sont all\u00e9s, leurs encriers se multipli\u00e9s, leurs chaires se sont \u00e9lev\u00e9es et les esprits ont \u00e9t\u00e9 \u00e9clair\u00e9s, tandis que leurs mahadras formaient une \u00e9cole du savoir, \u00e9tendant les ponts de la connaissance entre les rives de l\u2019Occident et de l\u2019Orient, et ce, dans la dignit\u00e9 des savants, la s\u00e9r\u00e9nit\u00e9 , la pi\u00e9t\u00e9, et la puret\u00e9.<\/p>\n<p>Le ministre a soulign\u00e9 que la biographie du Proph\u00e8te a toujours \u00e9t\u00e9 une partie profonde de ce patrimoine authentique.<\/p>\n<p>Les livres du Shaymaal \u00e9taient conserv\u00e9s dans les coffres, et les po\u00e8mes \u00e0 la louange du Ma\u00eetre de l\u2019existence \u00e9taient entendus de la bouche du public avant celle des particuliers, et l\u2019\u00e9loge proph\u00e9tique est devenu le compagnon du soir, le baume des \u00e2mes.<\/p>\n<p>Pour sa part, le maire de la commune de Dar Naim, M. Momma Ould El Kotob Ould Momma, a d\u00e9clar\u00e9 que cet \u00e9difice scientifique est un acquis historique qui renforce notre identit\u00e9 islamique.<\/p>\n<p>Il a soulign\u00e9 que cette \u0153uvre monumentale, qui traite des vertus du Proph\u00e8te, \u00e0 travers les derni\u00e8res technologies, est un phare de la connaissance et incarne le message de l\u2019Islam, louant les efforts d\u00e9ploy\u00e9s par la Ligue pour faire revivre le patrimoine islamique.<\/p>\n<p>Pour sa part, Cheikh Dr Mohammed bin Abdulkarim Al-Issa, secr\u00e9taire g\u00e9n\u00e9ral de la Ligue Islamique mondiale, pr\u00e9sident du Conseil des savants musulmans et superviseur g\u00e9n\u00e9ral des mus\u00e9es de la biographie proph\u00e9tique et de la civilisation islamique, a expliqu\u00e9 que ce projet est un \u00e9difice de qualit\u00e9 pour faire connaitre la \u2018\u2019Sira\u2018\u2019 (biographie du Proph\u00e8te (PSL) de mani\u00e8re qui allie authenticit\u00e9 et innovation notant qu\u2019il a fait l\u2019objet d\u2019une large approbation de la part de mille savants et muftis \u00e0 travers le monde.<\/p>\n<p>Il a exprim\u00e9 sa fiert\u00e9 de lancer ce projet \u00e0 partir de la Mauritanie, le d\u00e9crivant comme l\u2019une des initiatives les plus profondes et les plus cr\u00e9atives dans la pr\u00e9sentation de la biographie du Proph\u00e8te d\u2019une mani\u00e8re contemporaine et originale, remerciant Son Excellence le Pr\u00e9sident de la R\u00e9publique pour son soutien sans faille et le Royaume d\u2019Arabie Saoudite pour son parrainage g\u00e9n\u00e9reux des projets culturels islamiques.<\/p>\n<p>Il a soulign\u00e9 que ce mus\u00e9e contient des preuves qui d\u00e9montrent les v\u00e9rit\u00e9s de l\u2019Islam, indiquant qu\u2019il incarne la biographie comme si on la vivait, soulignant qu\u2019il contient des preuves de la proph\u00e9tie et d\u00e9mystifie les doutes.<\/p>\n<p>La c\u00e9r\u00e9monie s\u2019est d\u00e9roul\u00e9e en pr\u00e9sence de la Premi\u00e8re Dame Dr Mariem Fadel Dah, du Premier ministre Moctar Ould Djay, du pr\u00e9sident de l\u2019Assembl\u00e9e Nationale Mohamed Bamba Meguett, du ministre charg\u00e9 du Cabinet de la Pr\u00e9sidence de la R\u00e9publique, des ministres conseillers du Pr\u00e9sident de la R\u00e9publique, des membres du gouvernement, des chefs d\u2019\u00e9tat- major des Forces Arm\u00e9es et de S\u00e9curit\u00e9, du wali mou\u00e7aid de Nouakchott Nord, du vice- pr\u00e9sident de la R\u00e9gion de Nouakchott, des membres du corps diplomatique, des repr\u00e9sentants des d\u00e9partements minist\u00e9riels concern\u00e9s.<br \/>\nAMI<\/p>\n","protected":false},"excerpt":{"rendered":"<p>S.E. le Pr\u00e9sident de la R\u00e9publique, M. Mohamed Ould Cheikh El Ghazouani, a inaugur\u00e9, jeudi soir \u00e0 Nouakchott, l\u2019exposition internationale et le mus\u00e9e de la \u2018\u2019Sira\u2019\u2019 (biographie) du Proph\u00e8te, Paix et Salut sur Lui et de la civilisation islamique. S.E. le Pr\u00e9sident a visit\u00e9 le mus\u00e9e et a suivi des explications d\u00e9taill\u00e9es de la part &hellip;<\/p>\n","protected":false},"author":2,"featured_media":15608,"comment_status":"open","ping_status":"open","sticky":false,"template":"","format":"standard","meta":{"footnotes":""},"categories":[18,15],"tags":[],"class_list":["post-15607","post","type-post","status-publish","format-standard","has-post-thumbnail","hentry","category-actualites","category-culture"],"_links":{"self":[{"href":"https:\/\/ladepeche.mr\/index.php?rest_route=\/wp\/v2\/posts\/15607","targetHints":{"allow":["GET"]}}],"collection":[{"href":"https:\/\/ladepeche.mr\/index.php?rest_route=\/wp\/v2\/posts"}],"about":[{"href":"https:\/\/ladepeche.mr\/index.php?rest_route=\/wp\/v2\/types\/post"}],"author":[{"embeddable":true,"href":"https:\/\/ladepeche.mr\/index.php?rest_route=\/wp\/v2\/users\/2"}],"replies":[{"embeddable":true,"href":"https:\/\/ladepeche.mr\/index.php?rest_route=%2Fwp%2Fv2%2Fcomments&post=15607"}],"version-history":[{"count":1,"href":"https:\/\/ladepeche.mr\/index.php?rest_route=\/wp\/v2\/posts\/15607\/revisions"}],"predecessor-version":[{"id":15609,"href":"https:\/\/ladepeche.mr\/index.php?rest_route=\/wp\/v2\/posts\/15607\/revisions\/15609"}],"wp:featuredmedia":[{"embeddable":true,"href":"https:\/\/ladepeche.mr\/index.php?rest_route=\/wp\/v2\/media\/15608"}],"wp:attachment":[{"href":"https:\/\/ladepeche.mr\/index.php?rest_route=%2Fwp%2Fv2%2Fmedia&parent=15607"}],"wp:term":[{"taxonomy":"category","embeddable":true,"href":"https:\/\/ladepeche.mr\/index.php?rest_route=%2Fwp%2Fv2%2Fcategories&post=15607"},{"taxonomy":"post_tag","embeddable":true,"href":"https:\/\/ladepeche.mr\/index.php?rest_route=%2Fwp%2Fv2%2Ftags&post=15607"}],"curies":[{"name":"wp","href":"https:\/\/api.w.org\/{rel}","templated":true}]}}