{"id":15611,"date":"2025-05-09T17:09:13","date_gmt":"2025-05-09T17:09:13","guid":{"rendered":"https:\/\/ladepeche.mr\/?p=15611"},"modified":"2025-05-09T17:09:13","modified_gmt":"2025-05-09T17:09:13","slug":"seminaire-sur-le-partenariat-entre-lue-lua-et-la-mauritanie","status":"publish","type":"post","link":"https:\/\/ladepeche.mr\/?p=15611","title":{"rendered":"S\u00e9minaire sur le partenariat entre l\u2019UE, l\u2019UA et la Mauritanie"},"content":{"rendered":"<p>L\u2019Acad\u00e9mie diplomatique mauritanienne \u00e0 Nouakchott a abrit\u00e9 jeudi soir un s\u00e9minaire intitul\u00e9 \u00ab Partenariat entre l\u2019Union europ\u00e9enne (UE), l\u2019Union africaine (UA) et la Mauritanie \u00bb, en collaboration avec la D\u00e9l\u00e9gation de l\u2019Union europ\u00e9enne (UE).<\/p>\n<p>Ce s\u00e9minaire s\u2019inscrit dans le cadre de la c\u00e9l\u00e9bration de la Journ\u00e9e de l\u2019Europe, qui tombe le 9 mai de chaque ann\u00e9e, mais qui rev\u00eat cette ann\u00e9e un caract\u00e8re particulier puisqu\u2019elle co\u00efncide avec le 25\u00e8me anniversaire du lancement du partenariat entre l\u2019Union europ\u00e9enne (UE) et l\u2019Union africaine (UA).<\/p>\n<p>Dans son allocution d\u2019ouverture, le directeur de l\u2019Acad\u00e9mie diplomatique mauritanienne, M. Taleb Khyar Abdessalem, a not\u00e9 que le partenariat entre la Mauritanie et l\u2019UE est un mod\u00e8le r\u00e9ussi de coop\u00e9ration strat\u00e9gique dans divers domaines, notamment le d\u00e9veloppement (\u00e9conomie, s\u00e9curit\u00e9, \u00e9ducation, p\u00eache, infrastructures) et la migration.<\/p>\n<p>Il a ajout\u00e9 que ces relations s\u2019inscrivent dans le cadre du partenariat plus large entre l\u2019UE et l\u2019Union africaine (UA), o\u00f9 la Mauritanie contribue activement \u00e0 l\u2019UA et a eu l\u2019honneur de la pr\u00e9sider l\u2019ann\u00e9e derni\u00e8re, renfor\u00e7ant ainsi son r\u00f4le dans l\u2019\u00e9laboration de politiques continentales communes.<\/p>\n<p>Cette vision est conforme aux directives de S.E. le Pr\u00e9sident de la R\u00e9publique, M. Mohamed Ould Cheikh El Ghazouani, qui, durant sa pr\u00e9sidence de l\u2019UA, a cherch\u00e9 \u00e0 renforcer la coop\u00e9ration entre le continent et ses partenaires internationaux, tout en mettant en valeur la voix de l\u2019Afrique dans les forums internationaux, refl\u00e9tant les aspirations de ses peuples et servant ses int\u00e9r\u00eats strat\u00e9giques.<\/p>\n<p>Pour sa part, S.E. M. Joaquin Tasso Villalonga, ambassadeur de l\u2019UE en Mauritanie, a soulign\u00e9 l\u2019importance de la coop\u00e9ration entre l\u2019UE, la Mauritanie et l\u2019Union africaine, notant que le Fonds europ\u00e9en de d\u00e9veloppement (FED) a financ\u00e9 plusieurs projets importants en Mauritanie.<\/p>\n<p>\u00c0 la fin du s\u00e9minaire, il a \u00e9t\u00e9 question des pr\u00e9paratifs en cours pour la troisi\u00e8me \u00e9dition de la r\u00e9union minist\u00e9rielle Afrique-UE qui se tiendra \u00e0 Bruxelles dans les prochains jours et au cours de laquelle un certain nombre de sujets prioritaires tels que la paix et la s\u00e9curit\u00e9, le d\u00e9veloppement, la migration et l\u2019engagement en faveur du multilat\u00e9ralisme seront abord\u00e9s.<\/p>\n<p>Le s\u00e9minaire s\u2019est d\u00e9roul\u00e9 en pr\u00e9sence du directeur de la coop\u00e9ration bilat\u00e9rale au minist\u00e8re des affaires \u00e9trang\u00e8res, du directeur des financements ext\u00e9rieures et de la coop\u00e9ration \u00e9conomique au minist\u00e8re de l\u2019\u00e9conomie et des finances, de repr\u00e9sentants de la Direction des partenariats de la Commission de l\u2019Union africaine et d\u2019un certain nombre de diplomates et de membres du personnel des minist\u00e8res concern\u00e9s.<br \/>\nAmi<\/p>\n","protected":false},"excerpt":{"rendered":"<p>L\u2019Acad\u00e9mie diplomatique mauritanienne \u00e0 Nouakchott a abrit\u00e9 jeudi soir un s\u00e9minaire intitul\u00e9 \u00ab Partenariat entre l\u2019Union europ\u00e9enne (UE), l\u2019Union africaine (UA) et la Mauritanie \u00bb, en collaboration avec la D\u00e9l\u00e9gation de l\u2019Union europ\u00e9enne (UE). Ce s\u00e9minaire s\u2019inscrit dans le cadre de la c\u00e9l\u00e9bration de la Journ\u00e9e de l\u2019Europe, qui tombe le 9 mai de chaque &hellip;<\/p>\n","protected":false},"author":2,"featured_media":15612,"comment_status":"open","ping_status":"open","sticky":false,"template":"","format":"standard","meta":{"footnotes":""},"categories":[18,2],"tags":[],"class_list":["post-15611","post","type-post","status-publish","format-standard","has-post-thumbnail","hentry","category-actualites","category-economie"],"_links":{"self":[{"href":"https:\/\/ladepeche.mr\/index.php?rest_route=\/wp\/v2\/posts\/15611","targetHints":{"allow":["GET"]}}],"collection":[{"href":"https:\/\/ladepeche.mr\/index.php?rest_route=\/wp\/v2\/posts"}],"about":[{"href":"https:\/\/ladepeche.mr\/index.php?rest_route=\/wp\/v2\/types\/post"}],"author":[{"embeddable":true,"href":"https:\/\/ladepeche.mr\/index.php?rest_route=\/wp\/v2\/users\/2"}],"replies":[{"embeddable":true,"href":"https:\/\/ladepeche.mr\/index.php?rest_route=%2Fwp%2Fv2%2Fcomments&post=15611"}],"version-history":[{"count":1,"href":"https:\/\/ladepeche.mr\/index.php?rest_route=\/wp\/v2\/posts\/15611\/revisions"}],"predecessor-version":[{"id":15613,"href":"https:\/\/ladepeche.mr\/index.php?rest_route=\/wp\/v2\/posts\/15611\/revisions\/15613"}],"wp:featuredmedia":[{"embeddable":true,"href":"https:\/\/ladepeche.mr\/index.php?rest_route=\/wp\/v2\/media\/15612"}],"wp:attachment":[{"href":"https:\/\/ladepeche.mr\/index.php?rest_route=%2Fwp%2Fv2%2Fmedia&parent=15611"}],"wp:term":[{"taxonomy":"category","embeddable":true,"href":"https:\/\/ladepeche.mr\/index.php?rest_route=%2Fwp%2Fv2%2Fcategories&post=15611"},{"taxonomy":"post_tag","embeddable":true,"href":"https:\/\/ladepeche.mr\/index.php?rest_route=%2Fwp%2Fv2%2Ftags&post=15611"}],"curies":[{"name":"wp","href":"https:\/\/api.w.org\/{rel}","templated":true}]}}