{"id":15617,"date":"2025-05-09T21:43:46","date_gmt":"2025-05-09T21:43:46","guid":{"rendered":"https:\/\/ladepeche.mr\/?p=15617"},"modified":"2025-05-09T21:43:46","modified_gmt":"2025-05-09T21:43:46","slug":"presidence-de-la-bad-le-benin-et-la-mauritanie-font-cause-commune-autour-de-la-candidature-de-sidi-ould-tah-presidence-beninoise","status":"publish","type":"post","link":"https:\/\/ladepeche.mr\/?p=15617","title":{"rendered":"Pr\u00e9sidence de la BAD : Le B\u00e9nin et la Mauritanie font cause commune autour de la candidature de Sidi Ould Tah (pr\u00e9sidence b\u00e9ninoise)"},"content":{"rendered":"<p>Ce vendredi 09 mai 2025 au Palais de la Marina, le Pr\u00e9sident de la R\u00e9publique du B\u00e9nin, Monsieur Patrice TALON, a re\u00e7u en audience une d\u00e9l\u00e9gation officielle de la Mauritanie conduite par Monsieur Sid&#8217;Amed Ould BOUH, porteur d\u2019un message de son homologue mauritanien, le Pr\u00e9sident Mohamed Ould Cheikh El GHAZOUANI. Cette rencontre a \u00e9galement permis de consolider les liens d\u2019amiti\u00e9 et de coop\u00e9ration entre les deux pays. <\/p>\n<p>Lors de cette audience, Monsieur Sid&#8217;Amed Ould BOUH, Ministre de l&#8217;\u00c9conomie et des Finances de la R\u00e9publique islamique de Mauritanie, a transmis au Chef de l\u2019\u00c9tat, les salutations chaleureuses du Pr\u00e9sident GHAZOUANI avant d\u2019\u00e9voquer la question de la candidature de Dr Sidi Ould TAH \u00e0 la pr\u00e9sidence de la Banque Africaine de D\u00e9veloppement (BAD), une candidature soutenue par le B\u00e9nin. \u00ab \u2026 Le B\u00e9nin et la Mauritanie coordonnent depuis quelques temps sur un certain nombre de sujets. Et le dernier dossier qui a b\u00e9n\u00e9fici\u00e9 d&#8217;une attention particuli\u00e8re de nos deux Chefs d&#8217;\u00c9tat, c\u2019est le dossier de la candidature de la Mauritanie \u00e0 la pr\u00e9sidence de la Banque Africaine de D\u00e9veloppement, en la personne de Dr Sidi Ould TAH, ici pr\u00e9sent avec moi dans cette mission. Et donc le Pr\u00e9sident Patrice TALON a d\u00e9p\u00each\u00e9 la semaine pass\u00e9e des envoy\u00e9s sp\u00e9ciaux \u00e0 Nouakchott. Le Ministre d&#8217;\u00c9tat charg\u00e9 du D\u00e9veloppement et de la Coordination de l&#8217;Action gouvernementale, Monsieur Abdoulaye BIO TCHAN\u00c9, et le Ministre d&#8217;\u00c9tat, Ministre de l&#8217;\u00c9conomie et des Finances, Monsieur Romuald WADAGNI. Tous les deux sont venus exprimer, au nom du Pr\u00e9sident TALON, \u00e0 son fr\u00e8re le Pr\u00e9sident Mohamed Ould Cheikh El GHAZOUANI, l&#8217;appui du Benin \u00e0 la candidature de la Mauritanie \u00e0 la BAD \u00bb a-t-il d\u00e9clar\u00e9 au sortir de l\u2019audience. <\/p>\n<p>Cette audience t\u00e9moigne d\u2019une convergence de vues des deux Chefs d\u2019\u00c9tat sur l\u2019avenir de l\u2019int\u00e9gration sous-r\u00e9gionale et du d\u00e9veloppement en Afrique. Elle marque une \u00e9tape importante dans le renforcement des relations diplomatiques entre le B\u00e9nin et la Mauritanie. <\/p>\n<p>\u00c9taient \u00e9galement pr\u00e9sents \u00e0 cette audience, le Ministre d&#8217;\u00c9tat charg\u00e9 du D\u00e9veloppement et de la Coordination de l&#8217;Action gouvernementale, Monsieur Abdoulaye BIO TCHANE, et le Ministre d&#8217;\u00c9tat, Ministre de l&#8217;\u00c9conomie et des Finances en charge de la Coop\u00e9ration, Monsieur Romuald WADAGNI.<br \/>\nhttps:\/\/presidence.bj\/actualite\/comptes-rendus\/378<\/p>\n","protected":false},"excerpt":{"rendered":"<p>Ce vendredi 09 mai 2025 au Palais de la Marina, le Pr\u00e9sident de la R\u00e9publique du B\u00e9nin, Monsieur Patrice TALON, a re\u00e7u en audience une d\u00e9l\u00e9gation officielle de la Mauritanie conduite par Monsieur Sid&#8217;Amed Ould BOUH, porteur d\u2019un message de son homologue mauritanien, le Pr\u00e9sident Mohamed Ould Cheikh El GHAZOUANI. Cette rencontre a \u00e9galement permis &hellip;<\/p>\n","protected":false},"author":2,"featured_media":15618,"comment_status":"open","ping_status":"open","sticky":false,"template":"","format":"standard","meta":{"footnotes":""},"categories":[18,2,29],"tags":[],"class_list":["post-15617","post","type-post","status-publish","format-standard","has-post-thumbnail","hentry","category-actualites","category-economie","category-monde"],"_links":{"self":[{"href":"https:\/\/ladepeche.mr\/index.php?rest_route=\/wp\/v2\/posts\/15617","targetHints":{"allow":["GET"]}}],"collection":[{"href":"https:\/\/ladepeche.mr\/index.php?rest_route=\/wp\/v2\/posts"}],"about":[{"href":"https:\/\/ladepeche.mr\/index.php?rest_route=\/wp\/v2\/types\/post"}],"author":[{"embeddable":true,"href":"https:\/\/ladepeche.mr\/index.php?rest_route=\/wp\/v2\/users\/2"}],"replies":[{"embeddable":true,"href":"https:\/\/ladepeche.mr\/index.php?rest_route=%2Fwp%2Fv2%2Fcomments&post=15617"}],"version-history":[{"count":1,"href":"https:\/\/ladepeche.mr\/index.php?rest_route=\/wp\/v2\/posts\/15617\/revisions"}],"predecessor-version":[{"id":15619,"href":"https:\/\/ladepeche.mr\/index.php?rest_route=\/wp\/v2\/posts\/15617\/revisions\/15619"}],"wp:featuredmedia":[{"embeddable":true,"href":"https:\/\/ladepeche.mr\/index.php?rest_route=\/wp\/v2\/media\/15618"}],"wp:attachment":[{"href":"https:\/\/ladepeche.mr\/index.php?rest_route=%2Fwp%2Fv2%2Fmedia&parent=15617"}],"wp:term":[{"taxonomy":"category","embeddable":true,"href":"https:\/\/ladepeche.mr\/index.php?rest_route=%2Fwp%2Fv2%2Fcategories&post=15617"},{"taxonomy":"post_tag","embeddable":true,"href":"https:\/\/ladepeche.mr\/index.php?rest_route=%2Fwp%2Fv2%2Ftags&post=15617"}],"curies":[{"name":"wp","href":"https:\/\/api.w.org\/{rel}","templated":true}]}}