{"id":15620,"date":"2025-05-10T00:03:29","date_gmt":"2025-05-10T00:03:29","guid":{"rendered":"https:\/\/ladepeche.mr\/?p=15620"},"modified":"2025-05-10T00:03:29","modified_gmt":"2025-05-10T00:03:29","slug":"le-ministre-delegue-tient-une-conference-de-presse-conjointe-avec-le-gouverneur-de-la-bcm-et-le-chef-de-mission-du-fmi","status":"publish","type":"post","link":"https:\/\/ladepeche.mr\/?p=15620","title":{"rendered":"Le ministre d\u00e9l\u00e9gu\u00e9 tient une conf\u00e9rence de presse conjointe avec le gouverneur de la BCM et le chef de mission du FMI"},"content":{"rendered":"<p>Son Excellence le ministre d\u00e9l\u00e9gu\u00e9 aupr\u00e8s du ministre de l\u2019\u00c9conomie et des Finances, charg\u00e9 du Budget, M. Codioro Moussa N\u2019Guenore, a tenu vendredi \u00e0 Nouakchott une conf\u00e9rence de presse conjointe avec le gouverneur de la Banque centrale de Mauritanie, M. Mohamed Lemine Ould Dhehby, et le chef de mission du Fonds mon\u00e9taire international (FMI), M. Felix Fischer. La rencontre s\u2019inscrit dans le cadre des consultations relatives \u00e0 la quatri\u00e8me revue du m\u00e9canisme \u00e9largi et \u00e0 la troisi\u00e8me revue de l\u2019instrument de r\u00e9silience et de durabilit\u00e9.<\/p>\n<p>Dans son intervention, le ministre d\u00e9l\u00e9gu\u00e9 a salu\u00e9 l\u2019accord conclu avec la mission du FMI, \u00e0 l\u2019issue de deux semaines de travaux conjoints, y voyant une confirmation de la pertinence des politiques \u00e9conomiques mises en \u0153uvre par le gouvernement. Il a pr\u00e9cis\u00e9 que ces politiques visent \u00e0 stimuler l\u2019\u00e9conomie par l\u2019investissement dans divers secteurs et la cr\u00e9ation d\u2019emplois, contribuant ainsi \u00e0 l\u2019am\u00e9lioration des conditions de vie, notamment des populations les plus vuln\u00e9rables, et \u00e0 la lutte contre la pauvret\u00e9.<\/p>\n<p>Le ministre a \u00e9galement salu\u00e9 l&#8217;appui technique et financier apport\u00e9 par le FMI \u00e0 la Mauritanie, soulignant que ce partenariat refl\u00e8te le succ\u00e8s des orientations \u00e9conomiques actuelles ax\u00e9es sur la mobilisation des ressources au service de l\u2019investissement, la cr\u00e9ation de l\u2019emploi et  la r\u00e9duction des taux de pauvret\u00e9.<\/p>\n<p>Pour sa part, le gouverneur de la Banque centrale a pr\u00e9cis\u00e9 que la mission du FMI a pu constater les efforts du gouvernement pour pr\u00e9server la stabilit\u00e9 \u00e9conomique, \u00e9voquant les r\u00e9formes men\u00e9es dans les secteurs bancaire et financier, notamment le renforcement de l\u2019inclusion financi\u00e8re et la modernisation de la politique mon\u00e9taire et du r\u00e9gime de change. Il a \u00e9galement r\u00e9v\u00e9l\u00e9 que les r\u00e9serves en devises du pays s\u2019\u00e9l\u00e8vent \u00e0 deux milliards de dollars, couvrant sept mois d\u2019importations.<\/p>\n<p>De son c\u00f4t\u00e9, le chef de mission du FMI s\u2019est f\u00e9licit\u00e9 des progr\u00e8s accomplis par la Mauritanie en mati\u00e8re de r\u00e9formes structurelles, soulignant que l\u2019activit\u00e9 \u00e9conomique a d\u00e9pass\u00e9 les pr\u00e9visions avec un taux de croissance de 5,2 % enregistr\u00e9 en 2024. Il a ajout\u00e9 que les perspectives pour 2025 restent favorables, avec une croissance attendue de 4 %, soutenue par la dynamique du secteur non extractif.<br \/>\nSource MEF<\/p>\n","protected":false},"excerpt":{"rendered":"<p>Son Excellence le ministre d\u00e9l\u00e9gu\u00e9 aupr\u00e8s du ministre de l\u2019\u00c9conomie et des Finances, charg\u00e9 du Budget, M. Codioro Moussa N\u2019Guenore, a tenu vendredi \u00e0 Nouakchott une conf\u00e9rence de presse conjointe avec le gouverneur de la Banque centrale de Mauritanie, M. Mohamed Lemine Ould Dhehby, et le chef de mission du Fonds mon\u00e9taire international (FMI), M. &hellip;<\/p>\n","protected":false},"author":2,"featured_media":15621,"comment_status":"open","ping_status":"open","sticky":false,"template":"","format":"standard","meta":{"footnotes":""},"categories":[18,2],"tags":[],"class_list":["post-15620","post","type-post","status-publish","format-standard","has-post-thumbnail","hentry","category-actualites","category-economie"],"_links":{"self":[{"href":"https:\/\/ladepeche.mr\/index.php?rest_route=\/wp\/v2\/posts\/15620","targetHints":{"allow":["GET"]}}],"collection":[{"href":"https:\/\/ladepeche.mr\/index.php?rest_route=\/wp\/v2\/posts"}],"about":[{"href":"https:\/\/ladepeche.mr\/index.php?rest_route=\/wp\/v2\/types\/post"}],"author":[{"embeddable":true,"href":"https:\/\/ladepeche.mr\/index.php?rest_route=\/wp\/v2\/users\/2"}],"replies":[{"embeddable":true,"href":"https:\/\/ladepeche.mr\/index.php?rest_route=%2Fwp%2Fv2%2Fcomments&post=15620"}],"version-history":[{"count":1,"href":"https:\/\/ladepeche.mr\/index.php?rest_route=\/wp\/v2\/posts\/15620\/revisions"}],"predecessor-version":[{"id":15622,"href":"https:\/\/ladepeche.mr\/index.php?rest_route=\/wp\/v2\/posts\/15620\/revisions\/15622"}],"wp:featuredmedia":[{"embeddable":true,"href":"https:\/\/ladepeche.mr\/index.php?rest_route=\/wp\/v2\/media\/15621"}],"wp:attachment":[{"href":"https:\/\/ladepeche.mr\/index.php?rest_route=%2Fwp%2Fv2%2Fmedia&parent=15620"}],"wp:term":[{"taxonomy":"category","embeddable":true,"href":"https:\/\/ladepeche.mr\/index.php?rest_route=%2Fwp%2Fv2%2Fcategories&post=15620"},{"taxonomy":"post_tag","embeddable":true,"href":"https:\/\/ladepeche.mr\/index.php?rest_route=%2Fwp%2Fv2%2Ftags&post=15620"}],"curies":[{"name":"wp","href":"https:\/\/api.w.org\/{rel}","templated":true}]}}