{"id":15623,"date":"2025-05-10T00:35:41","date_gmt":"2025-05-10T00:35:41","guid":{"rendered":"https:\/\/ladepeche.mr\/?p=15623"},"modified":"2025-05-10T00:13:40","modified_gmt":"2025-05-10T00:13:40","slug":"en-images-des-milliers-de-palestiniens-deplaces-par-larmee-israelienne-en-cisjordanie","status":"publish","type":"post","link":"https:\/\/ladepeche.mr\/?p=15623","title":{"rendered":"En images, des milliers de Palestiniens d\u00e9plac\u00e9s par l&#8217;arm\u00e9e isra\u00e9lienne en Cisjordanie"},"content":{"rendered":"<p>Depuis plusieurs mois, des op\u00e9rations militaires isra\u00e9liennes ont d\u00e9plac\u00e9 jusqu\u2019\u00e0 40 000 Palestiniens en Cisjordanie, une crise sans pr\u00e9c\u00e9dent depuis 1967.<\/p>\n<p>Des familles palestiniennes ont quitt\u00e9 le camp de r\u00e9fugi\u00e9s de Nur Shams mardi, matelas entass\u00e9s sur les voitures, avant une vaste op\u00e9ration de d\u00e9molition men\u00e9e par l\u2019arm\u00e9e isra\u00e9lienne.<\/p>\n<p>D\u00e9j\u00e0 120 maisons ont \u00e9t\u00e9 d\u00e9truites, et 20 autres menac\u00e9es dans le cadre d\u2019une campagne contre la &#8220;milice arm\u00e9e&#8221;.<\/p>\n<p>\u00c0 Masafer Yatta, un village b\u00e9douin a \u00e9t\u00e9 ras\u00e9, officiellement pour construction ill\u00e9gale en zone militaire. Les habitants d\u00e9noncent une punition collective et l\u2019expansion de colonies ill\u00e9gales encourag\u00e9e par l\u2019\u00c9tat isra\u00e9lien.<\/p>\n<p>Depuis plusieurs mois, ces op\u00e9rations ont d\u00e9plac\u00e9 jusqu\u2019\u00e0 40 000 Palestiniens dans le nord de la Cisjordanie, une crise sans pr\u00e9c\u00e9dent depuis 1967.<br \/>\nhttps:\/\/www.msn.com\/fr-xl\/actualite\/other\/en-images-des-milliers-de-palestiniens-d%C3%A9plac%C3%A9s-par-l-arm%C3%A9e-isra%C3%A9lienne-en-cisjordanie\/ar-AA1EgEVY?ocid=msedgntp&#038;pc=U531&#038;cvid=7976c9c2a7594508cbcd63910624f6fb&#038;ei=66<\/p>\n","protected":false},"excerpt":{"rendered":"<p>Depuis plusieurs mois, des op\u00e9rations militaires isra\u00e9liennes ont d\u00e9plac\u00e9 jusqu\u2019\u00e0 40 000 Palestiniens en Cisjordanie, une crise sans pr\u00e9c\u00e9dent depuis 1967. Des familles palestiniennes ont quitt\u00e9 le camp de r\u00e9fugi\u00e9s de Nur Shams mardi, matelas entass\u00e9s sur les voitures, avant une vaste op\u00e9ration de d\u00e9molition men\u00e9e par l\u2019arm\u00e9e isra\u00e9lienne. D\u00e9j\u00e0 120 maisons ont \u00e9t\u00e9 d\u00e9truites, &hellip;<\/p>\n","protected":false},"author":2,"featured_media":15624,"comment_status":"open","ping_status":"open","sticky":false,"template":"","format":"standard","meta":{"footnotes":""},"categories":[18,29],"tags":[],"class_list":["post-15623","post","type-post","status-publish","format-standard","has-post-thumbnail","hentry","category-actualites","category-monde"],"_links":{"self":[{"href":"https:\/\/ladepeche.mr\/index.php?rest_route=\/wp\/v2\/posts\/15623","targetHints":{"allow":["GET"]}}],"collection":[{"href":"https:\/\/ladepeche.mr\/index.php?rest_route=\/wp\/v2\/posts"}],"about":[{"href":"https:\/\/ladepeche.mr\/index.php?rest_route=\/wp\/v2\/types\/post"}],"author":[{"embeddable":true,"href":"https:\/\/ladepeche.mr\/index.php?rest_route=\/wp\/v2\/users\/2"}],"replies":[{"embeddable":true,"href":"https:\/\/ladepeche.mr\/index.php?rest_route=%2Fwp%2Fv2%2Fcomments&post=15623"}],"version-history":[{"count":1,"href":"https:\/\/ladepeche.mr\/index.php?rest_route=\/wp\/v2\/posts\/15623\/revisions"}],"predecessor-version":[{"id":15625,"href":"https:\/\/ladepeche.mr\/index.php?rest_route=\/wp\/v2\/posts\/15623\/revisions\/15625"}],"wp:featuredmedia":[{"embeddable":true,"href":"https:\/\/ladepeche.mr\/index.php?rest_route=\/wp\/v2\/media\/15624"}],"wp:attachment":[{"href":"https:\/\/ladepeche.mr\/index.php?rest_route=%2Fwp%2Fv2%2Fmedia&parent=15623"}],"wp:term":[{"taxonomy":"category","embeddable":true,"href":"https:\/\/ladepeche.mr\/index.php?rest_route=%2Fwp%2Fv2%2Fcategories&post=15623"},{"taxonomy":"post_tag","embeddable":true,"href":"https:\/\/ladepeche.mr\/index.php?rest_route=%2Fwp%2Fv2%2Ftags&post=15623"}],"curies":[{"name":"wp","href":"https:\/\/api.w.org\/{rel}","templated":true}]}}