{"id":15632,"date":"2025-05-10T19:30:20","date_gmt":"2025-05-10T19:30:20","guid":{"rendered":"https:\/\/ladepeche.mr\/?p=15632"},"modified":"2025-05-10T19:10:18","modified_gmt":"2025-05-10T19:10:18","slug":"le-premier-ministere-adresse-une-circulaire-aux-secteurs-gouvernementaux-pour-activer-et-mettre-a-jour-la-liste-noire-des-entrepreneurs","status":"publish","type":"post","link":"https:\/\/ladepeche.mr\/?p=15632","title":{"rendered":"Le Premier minist\u00e8re adresse une circulaire aux secteurs gouvernementaux pour activer et mettre \u00e0 jour la liste noire des entrepreneurs"},"content":{"rendered":"<p>S.E le Premier ministre El Moctar Ould Djay a appel\u00e9 les secteurs gouvernementaux \u00e0 activer et \u00e0 mettre \u00e0 jour la liste noire des entrepreneurs coupables de violations graves ou de comportements contraires aux principes des march\u00e9s publics.<\/p>\n<p>C\u2019est ce qui ressort d\u2019une circulaire publi\u00e9e vendredi par le Premier minist\u00e8re et adress\u00e9e \u00e0 tous les ministres et ministres d\u00e9l\u00e9gu\u00e9s, au d\u00e9l\u00e9gu\u00e9 g\u00e9n\u00e9ral \u00e0 la solidarit\u00e9 nationale et \u00e0 la lutte contre l\u2019exclusion (Taazour), \u00e0 la commissaire \u00e0 la s\u00e9curit\u00e9 alimentaire et au commissaire des droits de l\u2019homme, de l\u2019action humanitaire et des relations avec la soci\u00e9t\u00e9 civile.<\/p>\n<p>La circulaire rappelle que le code des march\u00e9s publics pr\u00e9voit la possibilit\u00e9 de publier, par l\u2019autorit\u00e9 de r\u00e9gulation des march\u00e9s publics, une liste noire d\u2019acteurs ou de personnes morales ou physiques ayant eu un comportement contraire aux principes de l\u2019int\u00e9r\u00eat g\u00e9n\u00e9ral, qui constitue une r\u00e9f\u00e9rence contraignante pour tous les pouvoirs adjudicateurs et qui entra\u00eene l\u2019exclusion de la participation aux march\u00e9s publics pour une dur\u00e9e d\u00e9termin\u00e9e par la Commission nationale de contr\u00f4le des march\u00e9s publics.<\/p>\n<p>La circulaire rappelle le contenu du d\u00e9cret relatif au code des march\u00e9s publics qui stipule que l\u2019Autorit\u00e9 de r\u00e9gulation des march\u00e9s publics est charg\u00e9e de prononcer l\u2019exclusion temporaire ou d\u00e9finitive des entrepreneurs contrevenants et que tout acteur \u00e9conomique ou toute personne morale ou physique dont la participation publique \u00e0 la commission d\u2019infractions a \u00e9t\u00e9 prouv\u00e9e doit \u00eatre inscrit sur la liste d\u2019exclusion.<\/p>\n<p>La circulaire explique que malgr\u00e9 l\u2019existence d\u2019un moyen juridique appropri\u00e9, et malgr\u00e9 les lois disponibles, la liste noire n\u2019a pas encore \u00e9t\u00e9 activ\u00e9e par les autorit\u00e9s contractantes, ce qui affaiblit le r\u00e9sultat et entra\u00eene des r\u00e9percussions n\u00e9gatives sur la qualit\u00e9 de l\u2019ex\u00e9cution des projets et programmes publics.<\/p>\n<p>Le Premier ministre a invit\u00e9 tous les pouvoirs adjudicateurs de tous les secteurs de l\u2019administration (minist\u00e8res, entreprises, institutions, agences, offices\u2026) \u00e0 saisir l\u2019Autorit\u00e9 de r\u00e9gulation des march\u00e9s publics de toute irr\u00e9gularit\u00e9 constat\u00e9e dans les proc\u00e9dures de passation ou d\u2019ex\u00e9cution des march\u00e9s publics.<\/p>\n<p>La circulaire oblige les int\u00e9ress\u00e9s \u00e0 informer le Premier ministre des mesures qu\u2019ils entendent prendre \u00e0 cet \u00e9gard et \u00e0 appliquer strictement sa recommandation, compte tenu de l\u2019importance cruciale d\u2019une application pr\u00e9cise et rapide de cette circulaire.<br \/>\nAmi<\/p>\n","protected":false},"excerpt":{"rendered":"<p>S.E le Premier ministre El Moctar Ould Djay a appel\u00e9 les secteurs gouvernementaux \u00e0 activer et \u00e0 mettre \u00e0 jour la liste noire des entrepreneurs coupables de violations graves ou de comportements contraires aux principes des march\u00e9s publics. C\u2019est ce qui ressort d\u2019une circulaire publi\u00e9e vendredi par le Premier minist\u00e8re et adress\u00e9e \u00e0 tous les &hellip;<\/p>\n","protected":false},"author":2,"featured_media":15633,"comment_status":"open","ping_status":"open","sticky":false,"template":"","format":"standard","meta":{"footnotes":""},"categories":[18,2],"tags":[],"class_list":["post-15632","post","type-post","status-publish","format-standard","has-post-thumbnail","hentry","category-actualites","category-economie"],"_links":{"self":[{"href":"https:\/\/ladepeche.mr\/index.php?rest_route=\/wp\/v2\/posts\/15632","targetHints":{"allow":["GET"]}}],"collection":[{"href":"https:\/\/ladepeche.mr\/index.php?rest_route=\/wp\/v2\/posts"}],"about":[{"href":"https:\/\/ladepeche.mr\/index.php?rest_route=\/wp\/v2\/types\/post"}],"author":[{"embeddable":true,"href":"https:\/\/ladepeche.mr\/index.php?rest_route=\/wp\/v2\/users\/2"}],"replies":[{"embeddable":true,"href":"https:\/\/ladepeche.mr\/index.php?rest_route=%2Fwp%2Fv2%2Fcomments&post=15632"}],"version-history":[{"count":1,"href":"https:\/\/ladepeche.mr\/index.php?rest_route=\/wp\/v2\/posts\/15632\/revisions"}],"predecessor-version":[{"id":15634,"href":"https:\/\/ladepeche.mr\/index.php?rest_route=\/wp\/v2\/posts\/15632\/revisions\/15634"}],"wp:featuredmedia":[{"embeddable":true,"href":"https:\/\/ladepeche.mr\/index.php?rest_route=\/wp\/v2\/media\/15633"}],"wp:attachment":[{"href":"https:\/\/ladepeche.mr\/index.php?rest_route=%2Fwp%2Fv2%2Fmedia&parent=15632"}],"wp:term":[{"taxonomy":"category","embeddable":true,"href":"https:\/\/ladepeche.mr\/index.php?rest_route=%2Fwp%2Fv2%2Fcategories&post=15632"},{"taxonomy":"post_tag","embeddable":true,"href":"https:\/\/ladepeche.mr\/index.php?rest_route=%2Fwp%2Fv2%2Ftags&post=15632"}],"curies":[{"name":"wp","href":"https:\/\/api.w.org\/{rel}","templated":true}]}}