{"id":15638,"date":"2025-05-10T20:40:42","date_gmt":"2025-05-10T20:40:42","guid":{"rendered":"https:\/\/ladepeche.mr\/?p=15638"},"modified":"2025-05-10T20:41:04","modified_gmt":"2025-05-10T20:41:04","slug":"sommet-aurora-los-angeles-usa-5-8-mai-2025","status":"publish","type":"post","link":"https:\/\/ladepeche.mr\/?p=15638","title":{"rendered":"Sommet Aurora, Los Angeles, USA, 5-8 mai 2025"},"content":{"rendered":"<p><strong>Allocution du r\u00e9cipiendaire du Prix des Nations Unis pour les Droits de l\u2019Homme (2013) Biram Ould Dah Ould Abeid dans le Sommet Humanitaire de Aurora (6-8 mai 2025) \u00e0 Los Angeles:<\/strong><\/p>\n<p>Mesdames et Messieurs les dirigeants et membres du Conseil d\u2019administration de Aurora, tr\u00e8s estim\u00e9s invit\u00e9s, distingu\u00e9s Nobel, Pulitzer et r\u00e9cipiendaires des Nations-Unies, honorable assembl\u00e9e !<\/p>\n<p>L\u2019honneur et l\u2019\u00e9motion m\u2019\u00e9treignent, de me retrouver au milieu des promoteurs du prix Aurora pour l\u2019Eveil Humanitaire, \u00e0 des milliers de kilom\u00e8tres de nos peuples d\u2019Afrique en souffrance. Si lointains par la g\u00e9ographie et la culture, vous comprenez, cependant, nos angoisses, le sens de mon combat et l\u2019attachement qui nous, lie, ensemble, aux id\u00e9aux universalistes de justice, et de non-violence.  Peu importe l\u2019\u00e9poque, la paix v\u00e9ritable, celle qui \u00e9merge du chaos et survit \u00e0 la col\u00e8re, ne repose que sur le fondement du dialogue et de la promesse de r\u00e9paration, outils privil\u00e9gi\u00e9s de r\u00e9sistance \u00e0 la r\u00e9cidive des conflits. Ainsi, nous l\u2019enseigne, depuis les temps imm\u00e9moriaux, la marche tragique de l\u2019humanit\u00e9 vers le progr\u00e8s, la solidarit\u00e9 et le respect de la valeur ontologique de la personne. Au-dessus des peuples, des nations et des religions, l\u2019accomplissement de l\u2019individu et sa s\u00fbret\u00e9 physique demeurent, \u00e0 la fois, la mati\u00e8re et la finalit\u00e9 de notre engagement. D\u00e8s qu\u2019une id\u00e9e sup\u00e9rieure ou l\u2019utopie d\u2019un meilleur lendemain conduit l\u2019Homme \u00e0 sacrifier la libert\u00e9 et la vie au profit d\u2019un id\u00e9al absolu, il s\u2019ensuit une boucherie, la ruine multidimensionnelle, le ressentiment en h\u00e9ritage et, souvent, l\u2019impuissance insurmontable \u00e0 reconstruire, apaiser et r\u00e9concilier. Le droit de vivre est sacr\u00e9 et le reste beaucoup moins. L\u2019histoire nous rappelle, combien, par frustration, la victime de l\u2019impunit\u00e9 et du d\u00e9ni peut, \u00e0 son tour, rev\u00eatir les attributs sanglants du bourreau.<\/p>\n<p>Tel se pr\u00e9sente notre credo, \u00e0 l\u2019\u00e9preuve de la lutte. Aujourd\u2019hui, je viens plaider, devant vous repr\u00e9sentants de la lucidit\u00e9 document\u00e9e et de la veille morale, la cause de mon peuple au nom de qui je me bats, subis l\u2019opprobre et, n\u00e9anmoins, puise l\u2019in\u00e9puisable facult\u00e9 de la conviction en actes. Contre l\u2019esclavage traditionnel au Sahel, sa reproduction moderne et les multiples avatars de l\u2019inf\u00e9riorit\u00e9 du Noir opprim\u00e9 sous le joug de la domination arabo-berb\u00e8re, nous nous sommes dress\u00e9s, mes camarades et moi, r\u00e9solus \u00e0 nous \u00e9manciper de la peur, sans jamais d\u00e9truire, blesser ni tuer. Peu enclins \u00e0 nous restreindre aux motifs originels de notre r\u00e9volte, nous avons pris en charge l\u2019\u00e9radication du syst\u00e8me de castes \u00e0 l\u2019int\u00e9rieur de la communaut\u00e9 maure et d\u00e9fendu l\u2019aspiration \u00e0 la dignit\u00e9 d\u2019autres noirs, descendants d\u2019esclaves de noirs, notamment chez les Soninko de Mauritanie et de toute l\u2019Afrique de l\u2019Ouest. Ici-et-l\u00e0, par-del\u00e0 le legs cruel des si\u00e8cles, persiste une identique vuln\u00e9rabilit\u00e9 du grand nombre, \u00e0 la corruption et au n\u00e9potisme, le mal insidieux o\u00f9 s\u2019abreuvent les fauteurs de guerre. Ayant r\u00e9ussi le recadrage vertueux du discours et du projet, nous voici, d\u00e9sormais, en passe d\u2019inaugurer le devenir d\u2019une Mauritanie de l\u2019\u00e9galit\u00e9, qui \u00e9tonnera le monde.<\/p>\n<p> Nos armes sont les mots, la parole, la puissance de l\u2019argument, en somme la persuasion patiente. Au cours de nos deux d\u00e9cennies d\u2019effort endurant, nul, en Mauritanie, ne se risqua \u00e0 nous imputer un homicide, encore moins une tentative d\u2019atteinte \u00e0 l\u2019int\u00e9grit\u00e9 corporelle de nos adversaires. Malgr\u00e9 les arrestations, l\u2019emprisonnement, la torture, l\u2019exclusion mat\u00e9rielle et le quotidien de l\u2019humiliation, la certitude de nous \u00e9manciper de notre condition s\u00e9culaire de paria nous conf\u00e8re la force d\u2019avancer, toujours, sur le chemin de l\u2019\u00e9quit\u00e9. Nous r\u00e9clamons le travail salari\u00e9 et d\u00e9cent, l\u2019\u00e9quivalence des chances, la lev\u00e9e des restrictions \u00e0 l\u2019\u00e9tat-civil et l\u2019opportunit\u00e9 de l\u2019enr\u00f4lement sur le fichier des \u00e9lecteurs, afin de favoriser le changement pacifique, selon le verdict de urnes. Nous voulons sortir du cycle de l\u2019analphab\u00e9tisme afin de briser la supr\u00e9matie raciale qui reproduit l\u2019ignorance et exacerbe le contr\u00f4le des consciences gr\u00e2ce \u00e0 l\u2019instrumentalisation de la foi et de la superstition. Enfin, nous pr\u00e9tendons \u00e0 l\u2019exercice d\u00e9mocratique du pouvoir d\u2019Etat en vue d\u2019engager la r\u00e9forme globale de la citoyennet\u00e9.<\/p>\n<p>Demain, chaque Mauritanien se sentira, enfin, d\u00e9tenteur et gardien d\u2019une part du destin national et, alors, la peur face aux uniformes cessera d\u2019op\u00e9rer.<\/p>\n<p>Mesdames et messieurs, pr\u00e9venir ou endiguer le flot temp\u00e9tueux du g\u00e9nocide, au c\u0153ur de la vocation du prix Aurora pour l\u2019Eveil Humanitaire, proc\u00e8dent d\u2019une injonction qui nous parle. Entre 1986 et 1991, la Mauritanie a failli sombrer dans une \u00e9puration ethnique, aux d\u00e9pens des communaut\u00e9s non arabophones du sud du pays. Jusqu\u2019\u00e0 ce jour, aucun tortionnaire ou commanditaire des centaines de tueries, des dizaines de milliers de d\u00e9portations et d\u2019innombrables spoliations de b\u00e9tail et de terre n\u2019a \u00e9t\u00e9 jug\u00e9. Une loi en vigueur depuis 1993, les met \u00e0 l\u2019abri de la reddition des comptes et m\u00eame d\u2019une Commission v\u00e9rit\u00e9 et r\u00e9conciliation. A l\u2019ombre de leurs tribus, ils b\u00e9n\u00e9ficient d\u2019une immunit\u00e9 de naissance o\u00f9 s\u2019arr\u00eate le pouvoir de la loi. Depuis, h\u00e9las, le n\u00e9grocide se banalise chez nous, sous forme de bavures, dans les commissariats de police ou lors de la r\u00e9pression, \u00e0 balles r\u00e9elles, de marches de protestation civique. Permettez-moi, je vous prie, de rendre, ici, un hommage posthume, aux 7 adolescents, \u00e9touff\u00e9s, parmi des dizaines d\u2019autres, dans une pi\u00e8ce de d\u00e9tention exigu\u00eb, au lendemain de la proclamation des r\u00e9sultats de l\u2019\u00e9lection pr\u00e9sidentielle de juin 2024. Ils scandaient des slogans et exigeaient l\u2019aveu officiel de ma victoire. Leur sacrifice ne sera pas vain, il nous inspire et guide.<\/p>\n<p>Le rel\u00e8vement de l\u2019Homme noir en Mauritanie n\u2019est plus de l\u2019ordre de la sp\u00e9culation ou du doute. Il arrive et nous veillons \u00e0 en ma\u00eetriser le cours, \u00e0 l\u2019abri de la surench\u00e8re, du z\u00e8le militant et de l\u2019euphorie \u00e0 l\u2019annonce d\u2019un triomphe programm\u00e9. Parce que nous apprenons de la Shoah, de l\u2019Holocauste arm\u00e9nien, des Khmers rouges, du stalinisme, de la r\u00e9volution culturelle en Chine, du massacre des Tutsis au Rwanda, de l\u2019extermination des Darfouris, du sort des Rohinga, des Ouigours et de l\u2019actuel effacement \u00e0 l\u2019\u0153uvre sur la terre de Palestine, nous nous interdisons l\u2019exc\u00e8s d\u2019assurance qui m\u00e8ne \u00e0 la d\u00e9shumanisation. En toute circonstance, nous nous souvenons de Primo L\u00e9vi, de Hannah Arendt, de L\u00e9o Strauss, de Robert Antelme, de Vassili Grossman, d\u2019Alexandre Soljenitsyne et, bien entendu, du regrett\u00e9 Vartan Gregorian, l\u2019architecte de nos retrouvailles \u00e0 Los Angeles.<\/p>\n<p>Mesdames et Messieurs, je vous prie, en conclusion, de consid\u00e9rer, avec gravit\u00e9, la perspective d\u2019un nouveau g\u00e9nocide au Sahel, dont la menace avance vers le Golfe de Guin\u00e9e. Au motif l\u00e9gitime de juguler le terrorisme, certains r\u00e9gimes d\u2019exception, forts du soutien de mercenaires russes et de milices locales d\u2019autod\u00e9fense, se livrent \u00e0 l\u2019\u00e9limination syst\u00e9matique des populations Peuhles, accus\u00e9es d\u2019h\u00e9berger et de renseigner les insurg\u00e9s islamistes. Les images r\u00e9centes t\u00e9moignent de l\u2019ampleur de la soustraction. En sens inverse, les Katibas de l\u2019Etats islamique au grand Sahara (Eigs), de Boko Haram et de l\u2019Islamic state&#8217;s west Africa province (Iswap) poursuivent, depuis environ 5 ans, la purge, \u00e0 huis-clos, des chr\u00e9tiens, des animistes et des chiites. Les deux situations appellent notre vigilance commune. Les occasions sont rares o\u00f9 l\u2019humanit\u00e9 se trouve en mesure, non seulement, d\u2019anticiper le pire mais aussi de le filmer par satellite et d\u2019en prouver le moindre d\u00e9tail.<\/p>\n<p>Aujourd\u2019hui, nous ne saurions nous pr\u00e9valoir de ne pas avoir su, \u00e0 temps. S\u2019il vous pla\u00eet, agissons avant qu\u2019il ne soit trop tard !<\/p>\n<p>Je vous remercie.<\/p>\n","protected":false},"excerpt":{"rendered":"<p>Allocution du r\u00e9cipiendaire du Prix des Nations Unis pour les Droits de l\u2019Homme (2013) Biram Ould Dah Ould Abeid dans le Sommet Humanitaire de Aurora (6-8 mai 2025) \u00e0 Los Angeles: Mesdames et Messieurs les dirigeants et membres du Conseil d\u2019administration de Aurora, tr\u00e8s estim\u00e9s invit\u00e9s, distingu\u00e9s Nobel, Pulitzer et r\u00e9cipiendaires des Nations-Unies, honorable assembl\u00e9e &hellip;<\/p>\n","protected":false},"author":2,"featured_media":15639,"comment_status":"open","ping_status":"open","sticky":false,"template":"","format":"standard","meta":{"footnotes":""},"categories":[18,31],"tags":[],"class_list":["post-15638","post","type-post","status-publish","format-standard","has-post-thumbnail","hentry","category-actualites","category-politique-et-reportages"],"_links":{"self":[{"href":"https:\/\/ladepeche.mr\/index.php?rest_route=\/wp\/v2\/posts\/15638","targetHints":{"allow":["GET"]}}],"collection":[{"href":"https:\/\/ladepeche.mr\/index.php?rest_route=\/wp\/v2\/posts"}],"about":[{"href":"https:\/\/ladepeche.mr\/index.php?rest_route=\/wp\/v2\/types\/post"}],"author":[{"embeddable":true,"href":"https:\/\/ladepeche.mr\/index.php?rest_route=\/wp\/v2\/users\/2"}],"replies":[{"embeddable":true,"href":"https:\/\/ladepeche.mr\/index.php?rest_route=%2Fwp%2Fv2%2Fcomments&post=15638"}],"version-history":[{"count":2,"href":"https:\/\/ladepeche.mr\/index.php?rest_route=\/wp\/v2\/posts\/15638\/revisions"}],"predecessor-version":[{"id":15641,"href":"https:\/\/ladepeche.mr\/index.php?rest_route=\/wp\/v2\/posts\/15638\/revisions\/15641"}],"wp:featuredmedia":[{"embeddable":true,"href":"https:\/\/ladepeche.mr\/index.php?rest_route=\/wp\/v2\/media\/15639"}],"wp:attachment":[{"href":"https:\/\/ladepeche.mr\/index.php?rest_route=%2Fwp%2Fv2%2Fmedia&parent=15638"}],"wp:term":[{"taxonomy":"category","embeddable":true,"href":"https:\/\/ladepeche.mr\/index.php?rest_route=%2Fwp%2Fv2%2Fcategories&post=15638"},{"taxonomy":"post_tag","embeddable":true,"href":"https:\/\/ladepeche.mr\/index.php?rest_route=%2Fwp%2Fv2%2Ftags&post=15638"}],"curies":[{"name":"wp","href":"https:\/\/api.w.org\/{rel}","templated":true}]}}