{"id":15644,"date":"2025-05-11T13:42:48","date_gmt":"2025-05-11T13:42:48","guid":{"rendered":"https:\/\/ladepeche.mr\/?p=15644"},"modified":"2025-05-11T13:42:48","modified_gmt":"2025-05-11T13:42:48","slug":"cooperation-france-maroc-le-dg-du-groupe-agence-francaise-de-developpement-en-mission-de-terrain-dans-les-provinces-du-sud-du-maroc","status":"publish","type":"post","link":"https:\/\/ladepeche.mr\/?p=15644","title":{"rendered":"Coop\u00e9ration France-Maroc: Le DG du Groupe Agence Fran\u00e7aise de D\u00e9veloppement en mission de terrain dans les provinces du Sud du Maroc"},"content":{"rendered":"<p>Rabat (MAP)- En visite de travail au Maroc, le Directeur G\u00e9n\u00e9ral du Groupe Agence fran\u00e7aise de d\u00e9veloppement (AFD), M. R\u00e9my Rioux, a annonc\u00e9, vendredi 9 mai, l\u2019entame d\u2019une mission de terrain dans les provinces du Sud du Royaume.<\/p>\n<p>Cette annonce a \u00e9t\u00e9 faite par M. Rioux lors d\u2019un point de presse, \u00e0 l\u2019issue de sa rencontre avec le ministre des Affaires \u00e9trang\u00e8res, de la Coop\u00e9ration africaine et des Marocains r\u00e9sidant \u00e0 l\u2019\u00e9tranger, Nasser Bourita, ce vendredi \u00e0 Rabat.<\/p>\n<p>Le Directeur G\u00e9n\u00e9ral de l\u2019AFD a inscrit sa visite dans le cadre de la mise en \u0153uvre de la D\u00e9claration Conjointe sign\u00e9e, en octobre 2024, entre Sa Majest\u00e9 le Roi Mohammed VI et le Pr\u00e9sident de la R\u00e9publique fran\u00e7aise, M. Emmanuel Macron, \u00e0 l\u2019occasion de la visite d\u2019\u00c9tat de ce dernier au Royaume.<\/p>\n<p>&#8220;Vous vous souvenez qu\u2019\u00e0 cette occasion, le Pr\u00e9sident Emmanuel Macron a exprim\u00e9 la nouvelle position de la France sur les provinces du Sud&#8221;, a rappel\u00e9 R\u00e9my Rioux, pr\u00e9cisant que sa mission actuelle s\u2019inscrit dans &#8220;l\u2019op\u00e9rationnalisation rapide&#8221; de cette orientation strat\u00e9gique.<\/p>\n<p>Le Directeur G\u00e9n\u00e9ral de l\u2019AFD a soulign\u00e9 l\u2019extension du mandat de son institution aux provinces du Sud, indiquant qu\u2019il se rendra samedi \u00e0 La\u00e2youne et dimanche et lundi \u00e0 Dakhla&#8221;, marquant ainsi une \u00e9tape importante dans la concr\u00e9tisation des engagements pris.<\/p>\n<p>Se f\u00e9licitant du fait que &#8220;les provinces du Sud forment un trait d\u2019union strat\u00e9gique avec l\u2019Afrique subsaharienne, le long de la fa\u00e7ade atlantique&#8221;, M. Rioux a soulign\u00e9 par ailleurs que cela constitue &#8220;un cadre d\u2019action tr\u00e8s important&#8221; pour le groupe AFD.<\/p>\n<p>M. Rioux a soulign\u00e9 la solidit\u00e9 et la port\u00e9e strat\u00e9gique du partenariat liant le Maroc et la France, affirmant que le Royaume demeure le premier partenaire du groupe AFD. &#8220;Le Maroc, c\u2019est plus de 3 milliards d\u2019euros de projets en cours, plus de 30 milliards de dirhams, 70 projets en cours&#8221;, a-t-il relev\u00e9, ajoutant que pas moins de 80 collaborateurs du Groupe sont mobilis\u00e9s sur le terrain au Maroc, ce qui est \u00ab \u00e9videmment tr\u00e8s important \u00bb.<\/p>\n<p>La visite du Directeur G\u00e9n\u00e9ral de l\u2019AFD s\u2019inscrit dans le cadre du \u2018\u2019 Partenariat d\u2019Exception Renforc\u00e9\u2019\u2019, scell\u00e9 entre Sa Majest\u00e9 le Roi et le Pr\u00e9sident Emmanuel Macron, et traduit de mani\u00e8re tangible la volont\u00e9 partag\u00e9e de renforcer la coop\u00e9ration bilat\u00e9rale d\u00e9j\u00e0 riche entre les deux pays, et de soutenir les dynamiques de d\u00e9veloppement inclusif et durable dans toutes les r\u00e9gions du Royaume.<\/p>\n","protected":false},"excerpt":{"rendered":"<p>Rabat (MAP)- En visite de travail au Maroc, le Directeur G\u00e9n\u00e9ral du Groupe Agence fran\u00e7aise de d\u00e9veloppement (AFD), M. R\u00e9my Rioux, a annonc\u00e9, vendredi 9 mai, l\u2019entame d\u2019une mission de terrain dans les provinces du Sud du Royaume. Cette annonce a \u00e9t\u00e9 faite par M. Rioux lors d\u2019un point de presse, \u00e0 l\u2019issue de sa &hellip;<\/p>\n","protected":false},"author":2,"featured_media":15645,"comment_status":"open","ping_status":"open","sticky":false,"template":"","format":"standard","meta":{"footnotes":""},"categories":[18,29],"tags":[],"class_list":["post-15644","post","type-post","status-publish","format-standard","has-post-thumbnail","hentry","category-actualites","category-monde"],"_links":{"self":[{"href":"https:\/\/ladepeche.mr\/index.php?rest_route=\/wp\/v2\/posts\/15644","targetHints":{"allow":["GET"]}}],"collection":[{"href":"https:\/\/ladepeche.mr\/index.php?rest_route=\/wp\/v2\/posts"}],"about":[{"href":"https:\/\/ladepeche.mr\/index.php?rest_route=\/wp\/v2\/types\/post"}],"author":[{"embeddable":true,"href":"https:\/\/ladepeche.mr\/index.php?rest_route=\/wp\/v2\/users\/2"}],"replies":[{"embeddable":true,"href":"https:\/\/ladepeche.mr\/index.php?rest_route=%2Fwp%2Fv2%2Fcomments&post=15644"}],"version-history":[{"count":1,"href":"https:\/\/ladepeche.mr\/index.php?rest_route=\/wp\/v2\/posts\/15644\/revisions"}],"predecessor-version":[{"id":15646,"href":"https:\/\/ladepeche.mr\/index.php?rest_route=\/wp\/v2\/posts\/15644\/revisions\/15646"}],"wp:featuredmedia":[{"embeddable":true,"href":"https:\/\/ladepeche.mr\/index.php?rest_route=\/wp\/v2\/media\/15645"}],"wp:attachment":[{"href":"https:\/\/ladepeche.mr\/index.php?rest_route=%2Fwp%2Fv2%2Fmedia&parent=15644"}],"wp:term":[{"taxonomy":"category","embeddable":true,"href":"https:\/\/ladepeche.mr\/index.php?rest_route=%2Fwp%2Fv2%2Fcategories&post=15644"},{"taxonomy":"post_tag","embeddable":true,"href":"https:\/\/ladepeche.mr\/index.php?rest_route=%2Fwp%2Fv2%2Ftags&post=15644"}],"curies":[{"name":"wp","href":"https:\/\/api.w.org\/{rel}","templated":true}]}}