{"id":15653,"date":"2025-05-11T21:52:53","date_gmt":"2025-05-11T21:52:53","guid":{"rendered":"https:\/\/ladepeche.mr\/?p=15653"},"modified":"2025-05-11T21:52:53","modified_gmt":"2025-05-11T21:52:53","slug":"12eme-session-du-forum-africain-des-chefs-dentreprise-le-president-de-la-republique-a-abidjan","status":"publish","type":"post","link":"https:\/\/ladepeche.mr\/?p=15653","title":{"rendered":"12\u00e8me session du Forum africain des chefs d\u2019entreprise: Le pr\u00e9sident de la R\u00e9publique \u00e0 Abidjan"},"content":{"rendered":"<p>Son Excellence le Pr\u00e9sident de la R\u00e9publique, Monsieur Mohamed Ould Cheikh El Ghazouani, est arriv\u00e9 dimanche soir \u00e0 Abidjan, en R\u00e9publique de C\u00f4te d\u2019Ivoire, pour participer \u00e0 la 12\u00e8me session du Forum africain des chefs d\u2019entreprise.<\/p>\n<p>A son arriv\u00e9e \u00e0 l\u2019a\u00e9roport d\u2019Abidjan, le Pr\u00e9sident de la R\u00e9publique a \u00e9t\u00e9 accueilli de la part du gouvernement ivoirien par, notamment M. L\u00e9on Kakou Hoaga Adoum, ministre des Affaires \u00e9trang\u00e8res, de l\u2019Int\u00e9gration africaine et des Ivoiriens de l\u2019ext\u00e9rieur, M. Adama Jouara, ministre de l\u2019Enseignement sup\u00e9rieur et de la Recherche scientifique, l\u2019ambassadeur mauritanien \u00e0 Abidjan M. Mohamed Abdallahi Ould Khattra, le personnel de la mission diplomatique de notre pays en C\u00f4te d\u2019Ivoire, le consul honoraire de Mauritanie en C\u00f4te d\u2019Ivoire et des responsables internationaux mauritaniens, notamment Sidi Ould Tah, notre candidat \u00e0 la pr\u00e9sidence de la Banque Africaine de D\u00e9veloppement (BAD).<\/p>\n<p>Le Pr\u00e9sident de la R\u00e9publique est accompagn\u00e9 d\u2019une importante d\u00e9l\u00e9gation compos\u00e9e de MM :<\/p>\n<p>\u2013 Nani Ould Chrougha, Ministre charg\u00e9 du cabinet du Pr\u00e9sident de la R\u00e9publique.<\/p>\n<p>\u2013 Sid\u2019 Ahmed Ould Bouh, Ministre de l\u2019Economie et des Finances.<\/p>\n<p>\u2013 Ahmed Ould Bah dit Hmeida, conseiller \u00e0 la pr\u00e9sidence de la R\u00e9publique.<\/p>\n<p>\u2013 El Hassan Ould Ahmed, directeur g\u00e9n\u00e9ral du Protocole d\u2019Etat.<br \/>\nAmi<br \/>\nTitre LDM<\/p>\n","protected":false},"excerpt":{"rendered":"<p>Son Excellence le Pr\u00e9sident de la R\u00e9publique, Monsieur Mohamed Ould Cheikh El Ghazouani, est arriv\u00e9 dimanche soir \u00e0 Abidjan, en R\u00e9publique de C\u00f4te d\u2019Ivoire, pour participer \u00e0 la 12\u00e8me session du Forum africain des chefs d\u2019entreprise. A son arriv\u00e9e \u00e0 l\u2019a\u00e9roport d\u2019Abidjan, le Pr\u00e9sident de la R\u00e9publique a \u00e9t\u00e9 accueilli de la part du gouvernement &hellip;<\/p>\n","protected":false},"author":2,"featured_media":15649,"comment_status":"open","ping_status":"open","sticky":false,"template":"","format":"standard","meta":{"footnotes":""},"categories":[18,29],"tags":[],"class_list":["post-15653","post","type-post","status-publish","format-standard","has-post-thumbnail","hentry","category-actualites","category-monde"],"_links":{"self":[{"href":"https:\/\/ladepeche.mr\/index.php?rest_route=\/wp\/v2\/posts\/15653","targetHints":{"allow":["GET"]}}],"collection":[{"href":"https:\/\/ladepeche.mr\/index.php?rest_route=\/wp\/v2\/posts"}],"about":[{"href":"https:\/\/ladepeche.mr\/index.php?rest_route=\/wp\/v2\/types\/post"}],"author":[{"embeddable":true,"href":"https:\/\/ladepeche.mr\/index.php?rest_route=\/wp\/v2\/users\/2"}],"replies":[{"embeddable":true,"href":"https:\/\/ladepeche.mr\/index.php?rest_route=%2Fwp%2Fv2%2Fcomments&post=15653"}],"version-history":[{"count":1,"href":"https:\/\/ladepeche.mr\/index.php?rest_route=\/wp\/v2\/posts\/15653\/revisions"}],"predecessor-version":[{"id":15654,"href":"https:\/\/ladepeche.mr\/index.php?rest_route=\/wp\/v2\/posts\/15653\/revisions\/15654"}],"wp:featuredmedia":[{"embeddable":true,"href":"https:\/\/ladepeche.mr\/index.php?rest_route=\/wp\/v2\/media\/15649"}],"wp:attachment":[{"href":"https:\/\/ladepeche.mr\/index.php?rest_route=%2Fwp%2Fv2%2Fmedia&parent=15653"}],"wp:term":[{"taxonomy":"category","embeddable":true,"href":"https:\/\/ladepeche.mr\/index.php?rest_route=%2Fwp%2Fv2%2Fcategories&post=15653"},{"taxonomy":"post_tag","embeddable":true,"href":"https:\/\/ladepeche.mr\/index.php?rest_route=%2Fwp%2Fv2%2Ftags&post=15653"}],"curies":[{"name":"wp","href":"https:\/\/api.w.org\/{rel}","templated":true}]}}