{"id":15655,"date":"2025-05-11T22:00:18","date_gmt":"2025-05-11T22:00:18","guid":{"rendered":"https:\/\/ladepeche.mr\/?p=15655"},"modified":"2025-05-11T21:59:55","modified_gmt":"2025-05-11T21:59:55","slug":"plus-jamais-la-guerre-le-premier-message-de-paix-du-pape-leon-xiv","status":"publish","type":"post","link":"https:\/\/ladepeche.mr\/?p=15655","title":{"rendered":"\u00c0 Moscou, Vladimir Poutine consolide ses alliances africaines"},"content":{"rendered":"<p>Le pr\u00e9sident russe a re\u00e7u samedi ses homologues du Zimbabwe et du Burkina Faso.<\/p>\n<p>En pleine confrontation diplomatique avec l\u2019Occident, le pr\u00e9sident russe Vladimir Poutine renforce ses partenariats strat\u00e9giques en Afrique.<\/p>\n<p>Ce samedi, il a accueilli \u00e0 Moscou les pr\u00e9sidents du Zimbabwe, Emmerson Mnangagwa, et du Burkina Faso, Ibrahim Traor\u00e9, \u00e0 l\u2019occasion des c\u00e9r\u00e9monies marquant le 80e anniversaire de la victoire sur l\u2019Allemagne nazie.<\/p>\n<p>Au-del\u00e0 de la comm\u00e9moration, la s\u00e9quence a pris une tournure tr\u00e8s politique. Dans un contexte marqu\u00e9 par les appels occidentaux \u00e0 un cessez-le-feu imm\u00e9diat en Ukraine, Moscou affiche sa capacit\u00e9 \u00e0 rallier des partenaires cl\u00e9s, notamment sur le continent africain.<\/p>\n<p>\u00ab La Russie et le Zimbabwe ont des positions communes sur la plupart des grandes questions internationales \u00bb, a d\u00e9clar\u00e9 Vladimir Poutine lors de sa rencontre avec Emmerson Mnangagwa. \u00ab Nous d\u00e9fendons un ordre mondial multipolaire fond\u00e9 sur le droit international. \u00bb<\/p>\n<p>Le pr\u00e9sident zimbabw\u00e9en a salu\u00e9 cette coop\u00e9ration renforc\u00e9e, rappelant leur pr\u00e9c\u00e9dente rencontre en juin 2024 \u00e0 Saint-P\u00e9tersbourg. Les deux pays, vis\u00e9s par des sanctions occidentales, partagent un int\u00e9r\u00eat commun pour des partenariats \u00e9conomiques et militaires hors des circuits traditionnels domin\u00e9s par l\u2019Occident.<\/p>\n<p>Heu<br \/>\nSoutien militaire au Burkina Faso<br \/>\nDans son \u00e9change avec Ibrahim Traor\u00e9, chef de la transition militaire burkinab\u00e8, Vladimir Poutine a insist\u00e9 sur le soutien russe dans la lutte contre le terrorisme au Sahel.<\/p>\n<p>\u00ab Nous continuerons \u00e0 aider la R\u00e9publique \u00e0 r\u00e9tablir l\u2019ordre constitutionnel et \u00e0 \u00e9liminer les groupes radicaux actifs dans certaines r\u00e9gions du Burkina Faso \u00bb, a affirm\u00e9 le pr\u00e9sident russe.<\/p>\n<p>Depuis son retrait progressif de la sph\u00e8re d\u2019influence fran\u00e7aise, le Burkina Faso s\u2019est nettement rapproch\u00e9 de la Russie, qui multiplie les livraisons d\u2019\u00e9quipements, la formation militaire et les accords de coop\u00e9ration s\u00e9curitaire.<br \/>\nhttps:\/\/www.msn.com\/fr-xl\/actualite\/other\/%C3%A0-moscou-vladimir-poutine-consolide-ses-alliances-africaines\/ar-AA1Eydjp?ocid=msedgdhp&#038;pc=U531&#038;cvid=23604c89c1d448b39843fbcf1bae9191&#038;ei=19<\/p>\n","protected":false},"excerpt":{"rendered":"<p>Le pr\u00e9sident russe a re\u00e7u samedi ses homologues du Zimbabwe et du Burkina Faso. En pleine confrontation diplomatique avec l\u2019Occident, le pr\u00e9sident russe Vladimir Poutine renforce ses partenariats strat\u00e9giques en Afrique. Ce samedi, il a accueilli \u00e0 Moscou les pr\u00e9sidents du Zimbabwe, Emmerson Mnangagwa, et du Burkina Faso, Ibrahim Traor\u00e9, \u00e0 l\u2019occasion des c\u00e9r\u00e9monies marquant &hellip;<\/p>\n","protected":false},"author":2,"featured_media":15656,"comment_status":"open","ping_status":"open","sticky":false,"template":"","format":"standard","meta":{"footnotes":""},"categories":[18,29],"tags":[],"class_list":["post-15655","post","type-post","status-publish","format-standard","has-post-thumbnail","hentry","category-actualites","category-monde"],"_links":{"self":[{"href":"https:\/\/ladepeche.mr\/index.php?rest_route=\/wp\/v2\/posts\/15655","targetHints":{"allow":["GET"]}}],"collection":[{"href":"https:\/\/ladepeche.mr\/index.php?rest_route=\/wp\/v2\/posts"}],"about":[{"href":"https:\/\/ladepeche.mr\/index.php?rest_route=\/wp\/v2\/types\/post"}],"author":[{"embeddable":true,"href":"https:\/\/ladepeche.mr\/index.php?rest_route=\/wp\/v2\/users\/2"}],"replies":[{"embeddable":true,"href":"https:\/\/ladepeche.mr\/index.php?rest_route=%2Fwp%2Fv2%2Fcomments&post=15655"}],"version-history":[{"count":2,"href":"https:\/\/ladepeche.mr\/index.php?rest_route=\/wp\/v2\/posts\/15655\/revisions"}],"predecessor-version":[{"id":15658,"href":"https:\/\/ladepeche.mr\/index.php?rest_route=\/wp\/v2\/posts\/15655\/revisions\/15658"}],"wp:featuredmedia":[{"embeddable":true,"href":"https:\/\/ladepeche.mr\/index.php?rest_route=\/wp\/v2\/media\/15656"}],"wp:attachment":[{"href":"https:\/\/ladepeche.mr\/index.php?rest_route=%2Fwp%2Fv2%2Fmedia&parent=15655"}],"wp:term":[{"taxonomy":"category","embeddable":true,"href":"https:\/\/ladepeche.mr\/index.php?rest_route=%2Fwp%2Fv2%2Fcategories&post=15655"},{"taxonomy":"post_tag","embeddable":true,"href":"https:\/\/ladepeche.mr\/index.php?rest_route=%2Fwp%2Fv2%2Ftags&post=15655"}],"curies":[{"name":"wp","href":"https:\/\/api.w.org\/{rel}","templated":true}]}}