{"id":15659,"date":"2025-05-11T23:00:37","date_gmt":"2025-05-11T23:00:37","guid":{"rendered":"https:\/\/ladepeche.mr\/?p=15659"},"modified":"2025-05-11T22:17:41","modified_gmt":"2025-05-11T22:17:41","slug":"plus-jamais-la-guerre-le-premier-message-de-paix-du-pape-leon-xiv-2","status":"publish","type":"post","link":"https:\/\/ladepeche.mr\/?p=15659","title":{"rendered":"&#8220;Plus jamais la guerre&#8221; le premier message de paix du pape L\u00e9on XIV"},"content":{"rendered":"<p>Lors de sa premi\u00e8re b\u00e9n\u00e9diction dominicale depuis la basilique Saint-Pierre, le pape L\u00e9on XIV a lanc\u00e9 un appel solennel pour la paix en Ukraine et un cessez-le-feu imm\u00e9diat \u00e0 Gaza.<br \/>\nTrois jours apr\u00e8s son \u00e9lection historique en tant que premier pape originaire des \u00c9tats-Unis, L\u00e9on XIV s\u2019est adress\u00e9 dimanche pour la premi\u00e8re fois aux fid\u00e8les \u00e0 l\u2019occasion de la traditionnelle b\u00e9n\u00e9diction du midi.<\/p>\n<p>Mais dans un geste in\u00e9dit, c\u2019est depuis la loggia centrale de la basilique Saint-Pierre et non depuis une fen\u00eatre lat\u00e9rale du Palais apostolique qu\u2019il a pris la parole.<\/p>\n<p>D\u2019un ton grave, v\u00eatu de la simple soutane blanche papale, L\u00e9on XIV a appel\u00e9 \u00e0 &#8220;une paix v\u00e9ritable, juste et durable en Ukraine&#8221;, saluant le courage du peuple ukrainien et r\u00e9clamant la lib\u00e9ration des prisonniers de guerre et le retour des enfants d\u00e9port\u00e9s. Citant le pape Fran\u00e7ois, il a \u00e9voqu\u00e9 &#8220;une troisi\u00e8me guerre mondiale en morceaux&#8221;, d\u00e9non\u00e7ant l\u2019encha\u00eenement des conflits \u00e0 travers la plan\u00e8te.<br \/>\nLe nouveau souverain pontife a \u00e9galement exig\u00e9 un cessez-le-feu imm\u00e9diat dans la bande de Gaza, ainsi que la lib\u00e9ration de tous les otages et l\u2019acheminement urgent de l\u2019aide humanitaire \u00e0 une population civile &#8220;\u00e9puis\u00e9e&#8221;.<\/p>\n<p>&#8220;Je m\u2019adresse moi aussi aux grandes puissances du monde en r\u00e9p\u00e9tant l\u2019appel toujours pr\u00e9sent : plus jamais la guerre&#8221;, a-t-il d\u00e9clar\u00e9, sous les applaudissements nourris de la foule.<\/p>\n<p>La place Saint-Pierre, noire de monde, a vibr\u00e9 au son des cloches de la basilique et des fanfares venues pour les c\u00e9l\u00e9brations jubilaires. Selon les autorit\u00e9s italiennes, pr\u00e8s de 100 000 personnes \u00e9taient pr\u00e9sentes pour assister \u00e0 cette premi\u00e8re b\u00e9n\u00e9diction dominicale du nouveau pape.<\/p>\n<p>Dans un geste remarqu\u00e9, L\u00e9on XIV a \u00e9galement salu\u00e9 la r\u00e9cente tr\u00eave entre l\u2019Inde et le Pakistan, envoyant un signal clair en faveur du dialogue multilat\u00e9ral.<br \/>\nhttps:\/\/www.msn.com\/fr-xl\/actualite\/other\/plus-jamais-la-guerre-le-premier-message-de-paix-du-pape-l%C3%A9on-xiv\/ar-AA1EyRlg?ocid=msedgdhp&#038;pc=U531&#038;cvid=23604c89c1d448b39843fbcf1bae9191&#038;ei=45<\/p>\n","protected":false},"excerpt":{"rendered":"<p>Lors de sa premi\u00e8re b\u00e9n\u00e9diction dominicale depuis la basilique Saint-Pierre, le pape L\u00e9on XIV a lanc\u00e9 un appel solennel pour la paix en Ukraine et un cessez-le-feu imm\u00e9diat \u00e0 Gaza. Trois jours apr\u00e8s son \u00e9lection historique en tant que premier pape originaire des \u00c9tats-Unis, L\u00e9on XIV s\u2019est adress\u00e9 dimanche pour la premi\u00e8re fois aux fid\u00e8les &hellip;<\/p>\n","protected":false},"author":2,"featured_media":15660,"comment_status":"open","ping_status":"open","sticky":false,"template":"","format":"standard","meta":{"footnotes":""},"categories":[18,29],"tags":[],"class_list":["post-15659","post","type-post","status-publish","format-standard","has-post-thumbnail","hentry","category-actualites","category-monde"],"_links":{"self":[{"href":"https:\/\/ladepeche.mr\/index.php?rest_route=\/wp\/v2\/posts\/15659","targetHints":{"allow":["GET"]}}],"collection":[{"href":"https:\/\/ladepeche.mr\/index.php?rest_route=\/wp\/v2\/posts"}],"about":[{"href":"https:\/\/ladepeche.mr\/index.php?rest_route=\/wp\/v2\/types\/post"}],"author":[{"embeddable":true,"href":"https:\/\/ladepeche.mr\/index.php?rest_route=\/wp\/v2\/users\/2"}],"replies":[{"embeddable":true,"href":"https:\/\/ladepeche.mr\/index.php?rest_route=%2Fwp%2Fv2%2Fcomments&post=15659"}],"version-history":[{"count":1,"href":"https:\/\/ladepeche.mr\/index.php?rest_route=\/wp\/v2\/posts\/15659\/revisions"}],"predecessor-version":[{"id":15661,"href":"https:\/\/ladepeche.mr\/index.php?rest_route=\/wp\/v2\/posts\/15659\/revisions\/15661"}],"wp:featuredmedia":[{"embeddable":true,"href":"https:\/\/ladepeche.mr\/index.php?rest_route=\/wp\/v2\/media\/15660"}],"wp:attachment":[{"href":"https:\/\/ladepeche.mr\/index.php?rest_route=%2Fwp%2Fv2%2Fmedia&parent=15659"}],"wp:term":[{"taxonomy":"category","embeddable":true,"href":"https:\/\/ladepeche.mr\/index.php?rest_route=%2Fwp%2Fv2%2Fcategories&post=15659"},{"taxonomy":"post_tag","embeddable":true,"href":"https:\/\/ladepeche.mr\/index.php?rest_route=%2Fwp%2Fv2%2Ftags&post=15659"}],"curies":[{"name":"wp","href":"https:\/\/api.w.org\/{rel}","templated":true}]}}