{"id":1566,"date":"2022-08-24T18:49:39","date_gmt":"2022-08-24T18:49:39","guid":{"rendered":"https:\/\/ladepeche.mr\/?p=1566"},"modified":"2022-08-24T18:50:18","modified_gmt":"2022-08-24T18:50:18","slug":"region-du-sahel-le-royaume-uni-fournira-46-millions-pour-ameliorer-la-securite-alimentaire","status":"publish","type":"post","link":"https:\/\/ladepeche.mr\/?p=1566","title":{"rendered":"R\u00e9gion du Sahel : le Royaume-Uni fournira 46 millions $ pour am\u00e9liorer la s\u00e9curit\u00e9 alimentaire"},"content":{"rendered":"<p class=\"texte textearticle\"><strong>Apr\u00e8s l\u2019Asie, l\u2019Afrique repr\u00e9sente le second foyer de personnes sous-aliment\u00e9es dans le monde avec une proportion de 20\u00a0%. Sur le continent, les r\u00e9gions les plus vuln\u00e9rables \u00e0 ce ph\u00e9nom\u00e8ne sont g\u00e9n\u00e9ralement en proie \u00e0 des conflits ou \u00e0 des conditions climatiques extr\u00eames.<\/strong><\/p>\n<p class=\"texte textearticle\">Au Royaume-Uni, le gouvernement compte d\u2019allouer un montant de 38 millions de livres (46,2 millions\u00a0$) \u00e0 l\u2019assistance alimentaire dans la r\u00e9gion du Sahel en proie \u00e0 une instabilit\u00e9 s\u00e9curitaire. Selon un communiqu\u00e9 relay\u00e9 par\u00a0<em>Bloomberg<\/em>, les interventions seront men\u00e9es \u00e0 travers le Nigeria, le Mali, le Burkina Faso, le Tchad et le Niger.<\/p>\n<p class=\"texte textearticle\">D\u2019apr\u00e8s Vicky Ford, repr\u00e9sentante britannique en charge de l\u2019Afrique, l\u2019Am\u00e9rique latine et les Cara\u00efbes au minist\u00e8re des Affaires \u00e9trang\u00e8res du Commonwealth et du D\u00e9veloppement, ce soutien aidera environ 1 million de personnes \u00e0 acc\u00e9der \u00e0 l\u2019eau et \u00e0 la nourriture en vue de r\u00e9duire les impacts de l\u2019ins\u00e9curit\u00e9 alimentaire croissante exacerb\u00e9e par le conflit russo-ukrainien.<\/p>\n<p class=\"texte textearticle\">Dans les d\u00e9tails, la responsable souligne que l\u2019enveloppe servira pour l\u2019essentiel \u00e0 subvenir aux besoins des r\u00e9fugi\u00e9s, mais aussi des femmes et enfants malnutris dans les zones touch\u00e9es par des conflits arm\u00e9s.<\/p>\n<p class=\"texte textearticle\">Parmi les pays cibl\u00e9s, le Nigeria devrait monopoliser une part substantielle des fonds avec plus de 17 millions\u00a0$ en raison de la grave p\u00e9nurie alimentaire qui pr\u00e9vaut dans le nord-ouest du pays, o\u00f9 les besoins humanitaires sont \u00e9galement les plus \u00e9lev\u00e9s de la r\u00e9gion du Sahel.<\/p>\n<p class=\"texte textearticle\">Pour rappel, selon le Bureau des affaires humanitaires des Nations Unies (OCHA), pr\u00e8s de 18 millions de personnes sont dans une situation d\u2019ins\u00e9curit\u00e9 alimentaire s\u00e9v\u00e8re dans la r\u00e9gion sah\u00e9lienne.<\/p>\n<p class=\"texte textearticle\"><strong><em>St\u00e9phanas Assocle (Stagiaire)<\/em><\/strong><\/p>\n<p>https:\/\/www.agenceecofin.com\/aide-au-developpement\/2308-100496-region-du-sahel-le-royaume-uni-fournira-46-millions-pour-ameliorer-la-securite-alimentaire<\/p>\n","protected":false},"excerpt":{"rendered":"<p>Apr\u00e8s l\u2019Asie, l\u2019Afrique repr\u00e9sente le second foyer de personnes sous-aliment\u00e9es dans le monde avec une proportion de 20\u00a0%. Sur le continent, les r\u00e9gions les plus vuln\u00e9rables \u00e0 ce ph\u00e9nom\u00e8ne sont g\u00e9n\u00e9ralement en proie \u00e0 des conflits ou \u00e0 des conditions climatiques extr\u00eames. Au Royaume-Uni, le gouvernement compte d\u2019allouer un montant de 38 millions de livres &hellip;<\/p>\n","protected":false},"author":2,"featured_media":1567,"comment_status":"open","ping_status":"open","sticky":false,"template":"","format":"standard","meta":{"footnotes":""},"categories":[18,28],"tags":[],"class_list":["post-1566","post","type-post","status-publish","format-standard","has-post-thumbnail","hentry","category-actualites","category-sahel"],"_links":{"self":[{"href":"https:\/\/ladepeche.mr\/index.php?rest_route=\/wp\/v2\/posts\/1566","targetHints":{"allow":["GET"]}}],"collection":[{"href":"https:\/\/ladepeche.mr\/index.php?rest_route=\/wp\/v2\/posts"}],"about":[{"href":"https:\/\/ladepeche.mr\/index.php?rest_route=\/wp\/v2\/types\/post"}],"author":[{"embeddable":true,"href":"https:\/\/ladepeche.mr\/index.php?rest_route=\/wp\/v2\/users\/2"}],"replies":[{"embeddable":true,"href":"https:\/\/ladepeche.mr\/index.php?rest_route=%2Fwp%2Fv2%2Fcomments&post=1566"}],"version-history":[{"count":1,"href":"https:\/\/ladepeche.mr\/index.php?rest_route=\/wp\/v2\/posts\/1566\/revisions"}],"predecessor-version":[{"id":1568,"href":"https:\/\/ladepeche.mr\/index.php?rest_route=\/wp\/v2\/posts\/1566\/revisions\/1568"}],"wp:featuredmedia":[{"embeddable":true,"href":"https:\/\/ladepeche.mr\/index.php?rest_route=\/wp\/v2\/media\/1567"}],"wp:attachment":[{"href":"https:\/\/ladepeche.mr\/index.php?rest_route=%2Fwp%2Fv2%2Fmedia&parent=1566"}],"wp:term":[{"taxonomy":"category","embeddable":true,"href":"https:\/\/ladepeche.mr\/index.php?rest_route=%2Fwp%2Fv2%2Fcategories&post=1566"},{"taxonomy":"post_tag","embeddable":true,"href":"https:\/\/ladepeche.mr\/index.php?rest_route=%2Fwp%2Fv2%2Ftags&post=1566"}],"curies":[{"name":"wp","href":"https:\/\/api.w.org\/{rel}","templated":true}]}}