{"id":15662,"date":"2025-05-11T22:28:14","date_gmt":"2025-05-11T22:28:14","guid":{"rendered":"https:\/\/ladepeche.mr\/?p=15662"},"modified":"2025-05-11T22:28:14","modified_gmt":"2025-05-11T22:28:14","slug":"forum-economique-a-nouakchott-le-maroc-et-la-mauritanie-scellent-une-nouvelle-ere-de-cooperation","status":"publish","type":"post","link":"https:\/\/ladepeche.mr\/?p=15662","title":{"rendered":"Forum \u00e9conomique \u00e0 Nouakchott : Le Maroc et la Mauritanie scellent une nouvelle \u00e8re de coop\u00e9ration"},"content":{"rendered":"<p>Une volont\u00e9 marocaine renouvel\u00e9e de consolider les passerelles de coop\u00e9ration avec la Mauritanie s\u2019est manifest\u00e9e clairement \u00e0 l\u2019occasion de la premi\u00e8re \u00e9dition du Forum parlementaire \u00e9conomique mauritano-marocain, qui se tient \u00e0 Nouakchott sur deux jours, vendredi et samedi. Cette dynamique a \u00e9t\u00e9 incarn\u00e9e par la participation d\u2019une d\u00e9l\u00e9gation marocaine de haut niveau, conduite par le pr\u00e9sident de la Chambre des repr\u00e9sentants, et compos\u00e9e notamment des ministres de l\u2019Agriculture et du Commerce ext\u00e9rieur.<\/p>\n<p>Lors de la s\u00e9ance inaugurale, copr\u00e9sid\u00e9e par Rachid Talbi Alami, pr\u00e9sident de la Chambre des repr\u00e9sentants, et Mohamed Bamba Meguett, pr\u00e9sident de l\u2019Assembl\u00e9e nationale mauritanienne, en pr\u00e9sence de parlementaires, ministres, responsables et acteurs \u00e9conomiques des deux pays, l\u2019accent a \u00e9t\u00e9 mis sur la centralit\u00e9 de la profondeur africaine commune. Selon Talbi Alami, cette assise constitue \u00ab un espace unique de partenariat entre le Maroc et la Mauritanie \u00bb.<\/p>\n<p>Pour Mohamed Nechtaoui, professeur de relations internationales \u00e0 l\u2019universit\u00e9 Cadi Ayyad de Marrakech, \u00ab il est dans l\u2019int\u00e9r\u00eat des deux pays d\u2019intensifier leur coop\u00e9ration, d\u2019entrer dans une dynamique soutenue de coordination et d\u2019\u00e9change de points de vue \u00bb. Il souligne ainsi la n\u00e9cessit\u00e9 d\u2019\u00e9tablir une v\u00e9ritable feuille de route de coop\u00e9ration dans le cadre du Forum parlementaire \u00e9conomique mauritano-marocain, d\u00e8s cette premi\u00e8re \u00e9dition.<\/p>\n<p>Dans une d\u00e9claration accord\u00e9e \u00e0 Hespress, le professeur rappelle que les relations bilat\u00e9rales ont connu un d\u00e9veloppement notable, illustr\u00e9 par une hausse des visites gouvernementales r\u00e9ciproques. Il pr\u00e9cise, \u00e0 ce titre, que \u00ab l\u2019ambassade du Maroc \u00e0 Nouakchott a d\u00e9livr\u00e9 plus de 50 000 visas \u00e0 des citoyens mauritaniens d\u00e9sireux de visiter le Royaume, ce qui t\u00e9moigne de la solidit\u00e9 de la coop\u00e9ration entre les deux pays voisins \u00bb.<\/p>\n<p>Sp\u00e9cialiste des relations internationales, Nechtaoui ajoute que \u00ab l\u2019int\u00e9r\u00eat commun se consolide d\u2019autant plus que le Maroc consid\u00e8re la Mauritanie comme une composante essentielle de sa strat\u00e9gie africaine, en particulier \u00e0 l\u2019\u00e9gard des pays du Sud, du Sahel, du Sahara et de l\u2019Afrique de l\u2019Ouest \u00bb. Il souligne \u00e9galement l\u2019importance strat\u00e9gique de la Mauritanie, au c\u0153ur de l\u2019initiative marocaine en faveur des pays du Sahel, au centre aussi de la d\u00e9marche royale envers les pays africains atlantiques, sans oublier son r\u00f4le dans le projet du gazoduc Nigeria-Maroc. Autant de facteurs qui expliquent l\u2019acc\u00e9l\u00e9ration des efforts bilat\u00e9raux pour renforcer coop\u00e9ration et coordination.<\/p>\n<p>Nechtaoui rappelle par ailleurs que ce forum s\u2019inscrit dans un contexte r\u00e9gional marqu\u00e9 par la volont\u00e9 de l\u2019Alg\u00e9rie de former un axe avec la Tunisie et la Libye, en marge du Maroc et de la Mauritanie. Une conjoncture qui rend d\u2019autant plus cruciale la consolidation des liens, notamment sur les plans \u00e9conomique, commercial et institutionnel-parlementaire.<\/p>\n<p>Il conclut en mettant en avant \u00ab la volont\u00e9 partag\u00e9e entre Rabat et Nouakchott de renforcer la coop\u00e9ration dans des secteurs tels que le commerce bilat\u00e9ral ou multilat\u00e9ral, les industries agroalimentaires, l\u2019agriculture et la p\u00eache maritime \u00bb. Il salue \u00e9galement la multiplication des rencontres entre les deux pays, qui visent \u00e0 approfondir le dialogue et \u00e0 \u00e9changer autour de projets communs.<\/p>\n<p>Sur le plan \u00e9conomique et strat\u00e9gique, Mohamed Jadri, analyste \u00e9conomique et directeur de l\u2019Observatoire de surveillance de l\u2019action gouvernementale, estime que \u00ab le Maroc met un accent particulier sur le renforcement de ses relations avec la Mauritanie dans le but manifeste de soutenir les \u00e9conomies d\u2019Afrique du Nord et de l\u2019Ouest \u00bb. Il qualifie les relations maroco-mauritaniennes de \u00ab mod\u00e8le gagnant-gagnant \u00bb dans le cadre des partenariats Sud-Sud.<\/p>\n<p>R\u00e9agissant \u00e0 la tenue du Forum parlementaire \u00e9conomique mauritano-marocain, l\u2019\u00e9conomiste note que \u00ab le Maroc contribue activement au d\u00e9veloppement de l\u2019\u00e9conomie mauritanienne \u00e0 travers diverses initiatives \u00bb. Il cite en particulier l\u2019apport strat\u00e9gique que repr\u00e9sentera le port atlantique de Dakhla pour dynamiser les \u00e9changes commerciaux, la logistique et le transport international entre les deux pays, li\u00e9s par une large fronti\u00e8re commune et une histoire partag\u00e9e.<\/p>\n<p>Il pr\u00e9cise que le Royaume ambitionne de cr\u00e9er un acc\u00e8s \u00e0 l\u2019oc\u00e9an Atlantique pour les pays africains, y compris la Mauritanie, et rappelle que le projet du gazoduc Nigeria-Maroc pr\u00e9voit explicitement l\u2019implication de Nouakchott.<\/p>\n<p>\u00c9voquant des indicateurs \u00e9conomiques concrets, Jadri rel\u00e8ve que les investissements marocains dans les diff\u00e9rentes r\u00e9gions du Sahara marocain renforcent les liens \u00e9conomiques avec la Mauritanie, notamment dans les domaines de l\u2019agriculture, des \u00e9nergies renouvelables et du dessalement de l\u2019eau de mer. Il met aussi en lumi\u00e8re le d\u00e9veloppement des infrastructures routi\u00e8res entre les deux pays, qui favorise le commerce et les d\u00e9placements.<\/p>\n<p>Il mentionne en outre le soutien marocain \u00e0 la cr\u00e9ation d\u2019une bourse de valeurs \u00e0 Nouakchott, en partenariat avec la Bourse de Casablanca. Selon lui, le transfert d\u2019expertise marocaine en mati\u00e8re de formation professionnelle des jeunes mauritaniens constitue un levier important pour approfondir la coop\u00e9ration bilat\u00e9rale. Il insiste enfin sur le r\u00f4le du forum, dans cette premi\u00e8re \u00e9dition, pour \u00e9tablir une dynamique incluant la fourniture par le Maroc de produits alimentaires et agricoles \u00e0 destination de la Mauritanie.<\/p>\n<p>Il convient \u00e9galement de rappeler que le pr\u00e9sident mauritanien Mohamed Ould Cheikh El Ghazouani a re\u00e7u, vendredi \u00e0 Nouakchott, Rachid Talbi Alami, pr\u00e9sident de la Chambre des repr\u00e9sentants. Celui-ci a transmis au chef de l\u2019\u00c9tat mauritanien les salutations du roi Mohammed VI. Cette rencontre a \u00e9galement permis d\u2019aborder plusieurs questions d\u2019importance.<\/p>\n<p>Ont assist\u00e9 \u00e0 cet entretien Mohamed Bamba Meguett, pr\u00e9sident de l\u2019Assembl\u00e9e nationale mauritanienne, Nany Ould Chrougha, ministre directeur de cabinet du pr\u00e9sident de la R\u00e9publique, ainsi que Hamid Chabar, ambassadeur du Maroc \u00e0 Nouakchott.<br \/>\nhttps:\/\/fr.hespress.com\/423575-forum-economique-a-nouakchott-le-maroc-et-la-mauritanie-scellent-une-nouvelle-ere-de-cooperation.html?print<\/p>\n","protected":false},"excerpt":{"rendered":"<p>Une volont\u00e9 marocaine renouvel\u00e9e de consolider les passerelles de coop\u00e9ration avec la Mauritanie s\u2019est manifest\u00e9e clairement \u00e0 l\u2019occasion de la premi\u00e8re \u00e9dition du Forum parlementaire \u00e9conomique mauritano-marocain, qui se tient \u00e0 Nouakchott sur deux jours, vendredi et samedi. Cette dynamique a \u00e9t\u00e9 incarn\u00e9e par la participation d\u2019une d\u00e9l\u00e9gation marocaine de haut niveau, conduite par le &hellip;<\/p>\n","protected":false},"author":2,"featured_media":15663,"comment_status":"open","ping_status":"open","sticky":false,"template":"","format":"standard","meta":{"footnotes":""},"categories":[18,2],"tags":[],"class_list":["post-15662","post","type-post","status-publish","format-standard","has-post-thumbnail","hentry","category-actualites","category-economie"],"_links":{"self":[{"href":"https:\/\/ladepeche.mr\/index.php?rest_route=\/wp\/v2\/posts\/15662","targetHints":{"allow":["GET"]}}],"collection":[{"href":"https:\/\/ladepeche.mr\/index.php?rest_route=\/wp\/v2\/posts"}],"about":[{"href":"https:\/\/ladepeche.mr\/index.php?rest_route=\/wp\/v2\/types\/post"}],"author":[{"embeddable":true,"href":"https:\/\/ladepeche.mr\/index.php?rest_route=\/wp\/v2\/users\/2"}],"replies":[{"embeddable":true,"href":"https:\/\/ladepeche.mr\/index.php?rest_route=%2Fwp%2Fv2%2Fcomments&post=15662"}],"version-history":[{"count":1,"href":"https:\/\/ladepeche.mr\/index.php?rest_route=\/wp\/v2\/posts\/15662\/revisions"}],"predecessor-version":[{"id":15664,"href":"https:\/\/ladepeche.mr\/index.php?rest_route=\/wp\/v2\/posts\/15662\/revisions\/15664"}],"wp:featuredmedia":[{"embeddable":true,"href":"https:\/\/ladepeche.mr\/index.php?rest_route=\/wp\/v2\/media\/15663"}],"wp:attachment":[{"href":"https:\/\/ladepeche.mr\/index.php?rest_route=%2Fwp%2Fv2%2Fmedia&parent=15662"}],"wp:term":[{"taxonomy":"category","embeddable":true,"href":"https:\/\/ladepeche.mr\/index.php?rest_route=%2Fwp%2Fv2%2Fcategories&post=15662"},{"taxonomy":"post_tag","embeddable":true,"href":"https:\/\/ladepeche.mr\/index.php?rest_route=%2Fwp%2Fv2%2Ftags&post=15662"}],"curies":[{"name":"wp","href":"https:\/\/api.w.org\/{rel}","templated":true}]}}