{"id":15668,"date":"2025-05-12T10:15:24","date_gmt":"2025-05-12T10:15:24","guid":{"rendered":"https:\/\/ladepeche.mr\/?p=15668"},"modified":"2025-05-12T10:15:24","modified_gmt":"2025-05-12T10:15:24","slug":"cote-divoire-tidjane-thiam-se-retire-de-la-presidence-du-pdci-rda-apres-sa-radiation-de-la-liste-electorale","status":"publish","type":"post","link":"https:\/\/ladepeche.mr\/?p=15668","title":{"rendered":"C\u00f4te d\u2019Ivoire : Tidjane Thiam se retire de la pr\u00e9sidence du PDCI-RDA apr\u00e8s sa radiation de la liste \u00e9lectorale"},"content":{"rendered":"<p>Le dimanche 11 mai 2025, Tidjane Thiam a annonc\u00e9 par une vid\u00e9o diffus\u00e9e sur les r\u00e9seaux sociaux sa d\u00e9cision de quitter la pr\u00e9sidence du Parti d\u00e9mocratique de C\u00f4te d\u2019Ivoire (PDCI-RDA). Ce d\u00e9part intervient moins de deux semaines apr\u00e8s sa radiation de la liste \u00e9lectorale ivoirienne par la justice, qui l\u2019a d\u00e9clar\u00e9 in\u00e9ligible pour la pr\u00e9sidentielle d\u2019octobre 2025.<br \/>\nD\u00e9j\u00e0, le 22 avril 2025, le tribunal comp\u00e9tent a act\u00e9 que Tidjane Thiam ne disposait plus de la nationalit\u00e9 ivoirienne au moment de son inscription sur les listes \u00e9lectorales en 2022, en raison de son acquisition de la nationalit\u00e9 fran\u00e7aise en 1987. Bien qu\u2019il ait officiellement renonc\u00e9 \u00e0 la nationalit\u00e9 fran\u00e7aise en mars 2025, cette d\u00e9marche a \u00e9t\u00e9 jug\u00e9e trop tardive pour r\u00e9tablir sa recevabilit\u00e9. En cons\u00e9quence, l\u2019ancien patron du Cr\u00e9dit Suisse a \u00e9t\u00e9 \u00e9cart\u00e9 de la course pr\u00e9sidentielle, une d\u00e9cision qui a suscit\u00e9 de nombreuses r\u00e9actions au sein de sa formation politique. \u00c9lu \u00e0 la t\u00eate du PDCI en d\u00e9cembre 2023, Tidjane Thiam incarnait le renouvellement du parti historique fond\u00e9 par F\u00e9lix Houphou\u00ebt-Boigny. Son retrait de la vie politique nationale survient dans un contexte de recomposition politique, alors que le PDCI devra d\u00e9sormais d\u00e9signer un nouveau candidat et une nouvelle strat\u00e9gie pour le scrutin pr\u00e9sidentiel \u00e0 venir. Le d\u00e9part de Thiam ouvre une p\u00e9riode de transition pour le PDCI, qui pourrait organiser un congr\u00e8s extraordinaire ou d\u00e9signer une direction int\u00e9rimaire. Le parti, pilier de l\u2019opposition en C\u00f4te d\u2019Ivoire, entre ainsi dans une phase d\u2019incertitude \u00e0 quelques mois d\u2019une \u00e9ch\u00e9ance \u00e9lectorale d\u00e9cisive.<br \/>\nhttps:\/\/www.msn.com\/fr-xl\/actualite\/other\/c%C3%B4te-d-ivoire-tidjane-thiam-se-retire-de-la-pr%C3%A9sidence-du-pdci-rda-apr%C3%A8s-sa-radiation-de-la-liste-%C3%A9lectorale\/ar-AA1EB0cB?ocid=msedgntp&#038;pc=U531&#038;cvid=1788baea3e6949c492baff0f4ec5abf7&#038;ei=25<\/p>\n","protected":false},"excerpt":{"rendered":"<p>Le dimanche 11 mai 2025, Tidjane Thiam a annonc\u00e9 par une vid\u00e9o diffus\u00e9e sur les r\u00e9seaux sociaux sa d\u00e9cision de quitter la pr\u00e9sidence du Parti d\u00e9mocratique de C\u00f4te d\u2019Ivoire (PDCI-RDA). Ce d\u00e9part intervient moins de deux semaines apr\u00e8s sa radiation de la liste \u00e9lectorale ivoirienne par la justice, qui l\u2019a d\u00e9clar\u00e9 in\u00e9ligible pour la pr\u00e9sidentielle &hellip;<\/p>\n","protected":false},"author":2,"featured_media":15669,"comment_status":"open","ping_status":"open","sticky":false,"template":"","format":"standard","meta":{"footnotes":""},"categories":[18,29],"tags":[],"class_list":["post-15668","post","type-post","status-publish","format-standard","has-post-thumbnail","hentry","category-actualites","category-monde"],"_links":{"self":[{"href":"https:\/\/ladepeche.mr\/index.php?rest_route=\/wp\/v2\/posts\/15668","targetHints":{"allow":["GET"]}}],"collection":[{"href":"https:\/\/ladepeche.mr\/index.php?rest_route=\/wp\/v2\/posts"}],"about":[{"href":"https:\/\/ladepeche.mr\/index.php?rest_route=\/wp\/v2\/types\/post"}],"author":[{"embeddable":true,"href":"https:\/\/ladepeche.mr\/index.php?rest_route=\/wp\/v2\/users\/2"}],"replies":[{"embeddable":true,"href":"https:\/\/ladepeche.mr\/index.php?rest_route=%2Fwp%2Fv2%2Fcomments&post=15668"}],"version-history":[{"count":1,"href":"https:\/\/ladepeche.mr\/index.php?rest_route=\/wp\/v2\/posts\/15668\/revisions"}],"predecessor-version":[{"id":15670,"href":"https:\/\/ladepeche.mr\/index.php?rest_route=\/wp\/v2\/posts\/15668\/revisions\/15670"}],"wp:featuredmedia":[{"embeddable":true,"href":"https:\/\/ladepeche.mr\/index.php?rest_route=\/wp\/v2\/media\/15669"}],"wp:attachment":[{"href":"https:\/\/ladepeche.mr\/index.php?rest_route=%2Fwp%2Fv2%2Fmedia&parent=15668"}],"wp:term":[{"taxonomy":"category","embeddable":true,"href":"https:\/\/ladepeche.mr\/index.php?rest_route=%2Fwp%2Fv2%2Fcategories&post=15668"},{"taxonomy":"post_tag","embeddable":true,"href":"https:\/\/ladepeche.mr\/index.php?rest_route=%2Fwp%2Fv2%2Ftags&post=15668"}],"curies":[{"name":"wp","href":"https:\/\/api.w.org\/{rel}","templated":true}]}}