{"id":15671,"date":"2025-05-12T10:35:53","date_gmt":"2025-05-12T10:35:53","guid":{"rendered":"https:\/\/ladepeche.mr\/?p=15671"},"modified":"2025-05-12T10:23:55","modified_gmt":"2025-05-12T10:23:55","slug":"guerre-a-gaza-lotage-israelo-americain-edan-alexander-bientot-libere-par-le-hamas-apres-des-contacts-avec-washington","status":"publish","type":"post","link":"https:\/\/ladepeche.mr\/?p=15671","title":{"rendered":"Guerre \u00e0 Gaza : l\u2019otage isra\u00e9lo-am\u00e9ricain Edan Alexander bient\u00f4t lib\u00e9r\u00e9 par le Hamas apr\u00e8s des contacts avec Washington"},"content":{"rendered":"<p>La branche arm\u00e9e du Hamas a annonc\u00e9 qu\u2019elle allait lib\u00e9rer ce lundi 12 mai l\u2019otage isra\u00e9lo-am\u00e9ricain Edan Alexander, apr\u00e8s que le mouvement islamiste palestinien a fait \u00e9tat de n\u00e9gociations directes avec les Etats-Unis \u00e0 Doha.<\/p>\n<p>Gaza : l\u2019utilisation du mot \u00ab conqu\u00eate \u00bb par Isra\u00ebl marque-t-elle un tournant dans la guerre ?<\/p>\n<p>Cette annonce intervient \u00e0 la veille du d\u00e9but de la tourn\u00e9e au Moyen-Orient du pr\u00e9sident am\u00e9ricain Donald Trump, attendu de mardi \u00e0 vendredi en Arabie saoudite, aux Emirats arabes unis et au Qatar, un des m\u00e9diateurs entre Isra\u00ebl et le Hamas en guerre \u00e0 Gaza depuis plus d\u2019un an et demi.<\/p>\n<p>\u00ab Les brigades Al-Qassam ont d\u00e9cid\u00e9 de lib\u00e9rer le soldat sioniste de nationalit\u00e9 am\u00e9ricaine, Edan Alexander [\u2026] aujourd\u2019hui \u00bb, a indiqu\u00e9 leur porte-parole, Abou Obeida, dans un message sur Telegram.<\/p>\n<p>Une source au sein du Hamas a indiqu\u00e9 que le mouvement avait \u00e9t\u00e9 inform\u00e9, par l\u2019interm\u00e9diaire des m\u00e9diateurs, d\u2019une pause dans les combats pour cette occasion. \u00ab A 9h30 [7h30, heure de Paris], Isra\u00ebl a commenc\u00e9 \u00e0 suspendre ses vols de reconnaissance, de drones et d\u2019avions de combat, ainsi que ses op\u00e9rations militaires, afin de cr\u00e9er un couloir s\u00e9curis\u00e9 pour le transfert et la remise d\u2019Edan \u00bb, selon cette source.<\/p>\n<p>Des \u00ab discussions directes \u00bb avec les Etats-Unis<br \/>\nLe Premier ministre isra\u00e9lien, Benyamin Netanyahou, avait affirm\u00e9 plus t\u00f4t que sa lib\u00e9ration ne donnerait pas lieu \u00e0 un cessez-le-feu, disant s\u2019\u00eatre engag\u00e9 \u00ab uniquement \u00e0 un couloir s\u00e9curis\u00e9 permettant la lib\u00e9ration d\u2019Edan \u00bb. L\u2019annonce sur cette prochaine lib\u00e9ration, faite dimanche par le Hamas, avait \u00e9t\u00e9 salu\u00e9e par le pr\u00e9sident am\u00e9ricain Donald Trump.<\/p>\n<p>Edan Alexander, le seul otage vivant ayant la nationalit\u00e9 am\u00e9ricaine encore retenu \u00e0 Gaza, a \u00e9t\u00e9 enlev\u00e9 alors qu\u2019il servait dans une unit\u00e9 d\u2019\u00e9lite dans le sud d\u2019Isra\u00ebl, lors de l\u2019attaque sans pr\u00e9c\u00e9dent men\u00e9e le 7 octobre 2023 par le Hamas.<\/p>\n<p>Cette attaque a d\u00e9clench\u00e9 la guerre \u00e0 Gaza, o\u00f9 Isra\u00ebl, jurant de d\u00e9truire le Hamas, a lanc\u00e9 une offensive de repr\u00e9sailles d\u00e9vastatrice qui a fait des dizaines de milliers de morts et provoqu\u00e9 un d\u00e9sastre humanitaire.<\/p>\n<p>Gaza : un contexte de d\u00e9shumanisation totale<\/p>\n<p>Dans un communiqu\u00e9 dimanche, le Hamas s\u2019est dit \u00ab pr\u00eat \u00e0 entamer imm\u00e9diatement des n\u00e9gociations intensives en vue de parvenir \u00e0 un accord d\u00e9finitif sur l\u2019arr\u00eat de la guerre, l\u2019\u00e9change [d\u2019otages isra\u00e9liens contre des prisonniers palestiniens], la gestion de Gaza par un organisme ind\u00e9pendant [\u2026] en plus de la reconstruction et de la fin du si\u00e8ge \u00bb.<\/p>\n<p>Le Hamas a confirm\u00e9 des contacts avec l\u2019administration am\u00e9ricaine, apr\u00e8s que deux responsables du mouvement ont \u00e9voqu\u00e9 des \u00ab discussions directes \u00bb avec les Etats-Unis.<\/p>\n<p>\u00ab Les Etats-Unis ont inform\u00e9 Isra\u00ebl de l\u2019intention du Hamas de lib\u00e9rer l\u2019otage isra\u00e9lo-am\u00e9ricain comme un geste envers les Am\u00e9ricains, sans conditions \u00bb, a indiqu\u00e9 le bureau de Benyamin Netanyahou dans un communiqu\u00e9.<\/p>\n<p>D\u00e9but mars, les Etats-Unis, qui consid\u00e8rent le Hamas comme une organisation terroriste, ont fait \u00e9tat de premiers contacts directs avec le mouvement palestinien, men\u00e9s par l\u2019envoy\u00e9 sp\u00e9cial am\u00e9ricain pour les otages, Adam Boehler, apr\u00e8s consultation avec Isra\u00ebl.<\/p>\n<p>Plan de \u00ab conqu\u00eate \u00bb<br \/>\nApr\u00e8s une tr\u00eave de deux mois, Isra\u00ebl a repris le 18 mars son offensive \u00e0 Gaza, s\u2019emparant de vastes r\u00e9gions du territoire palestinien.<\/p>\n<p>Son arm\u00e9e interdit depuis le 2 mars l\u2019entr\u00e9e de l\u2019aide humanitaire \u00e0 Gaza, o\u00f9 elle assi\u00e8ge les quelque 2,4 millions d\u2019habitants confront\u00e9s \u00e0 une situation humanitaire catastrophique avec des p\u00e9nuries de nourriture, de m\u00e9dicaments et de carburant.<\/p>\n<p>Un cessez-le-feu entre le 19 janvier et le 17 mars avait permis de sortir de Gaza 33 otages isra\u00e9liens \u2013 dont 8 morts \u2013 en \u00e9change de la lib\u00e9ration de quelque 1 800 prisonniers palestiniens.<\/p>\n<p>Les n\u00e9gociations indirectes entre Isra\u00ebl et le Hamas en vue d\u2019une tr\u00eave sont au point mort. Isra\u00ebl a annonc\u00e9 le 5 mai un plan de \u00ab conqu\u00eate \u00bb de Gaza pr\u00e9voyant un d\u00e9placement interne de sa population.<\/p>\n<p>Isra\u00ebl-Palestine, l\u2019\u00e9quation insoluble : \u00ab Une reconnaissance d\u2019un Etat palestinien ne changera rien sur le terrain \u00bb<\/p>\n<p>Ce lundi, la D\u00e9fense civile palestinienne a fait \u00e9tat d\u2019\u00ab au moins \u00bb dix morts, dont plusieurs femmes et enfants, dans une frappe a\u00e9rienne isra\u00e9lienne nocturne contre une \u00e9cole abritant des d\u00e9plac\u00e9s \u00e0 Jabalia, dans le nord de la bande de Gaza.<\/p>\n<p>L\u2019attaque du Hamas le 7 octobre 2023 a entra\u00een\u00e9 la mort de 1 218 personnes du c\u00f4t\u00e9 isra\u00e9lien, en majorit\u00e9 des civils, selon un d\u00e9compte de l\u2019AFP bas\u00e9 sur des donn\u00e9es officielles. Sur les 251 personnes enlev\u00e9es en Isra\u00ebl ce jour-l\u00e0, 58 sont encore retenues \u00e0 Gaza, dont 34 d\u00e9clar\u00e9es mortes par l\u2019arm\u00e9e isra\u00e9lienne. Les repr\u00e9sailles isra\u00e9liennes ont fait au moins 52 829 morts \u00e0 Gaza, en majorit\u00e9 des civils, selon des donn\u00e9es publi\u00e9es dimanche par le minist\u00e8re de la Sant\u00e9 du Hamas, jug\u00e9es fiables par l\u2019ONU.<\/p>\n","protected":false},"excerpt":{"rendered":"<p>La branche arm\u00e9e du Hamas a annonc\u00e9 qu\u2019elle allait lib\u00e9rer ce lundi 12 mai l\u2019otage isra\u00e9lo-am\u00e9ricain Edan Alexander, apr\u00e8s que le mouvement islamiste palestinien a fait \u00e9tat de n\u00e9gociations directes avec les Etats-Unis \u00e0 Doha. Gaza : l\u2019utilisation du mot \u00ab conqu\u00eate \u00bb par Isra\u00ebl marque-t-elle un tournant dans la guerre ? Cette annonce intervient &hellip;<\/p>\n","protected":false},"author":2,"featured_media":15672,"comment_status":"open","ping_status":"open","sticky":false,"template":"","format":"standard","meta":{"footnotes":""},"categories":[18,29],"tags":[],"class_list":["post-15671","post","type-post","status-publish","format-standard","has-post-thumbnail","hentry","category-actualites","category-monde"],"_links":{"self":[{"href":"https:\/\/ladepeche.mr\/index.php?rest_route=\/wp\/v2\/posts\/15671","targetHints":{"allow":["GET"]}}],"collection":[{"href":"https:\/\/ladepeche.mr\/index.php?rest_route=\/wp\/v2\/posts"}],"about":[{"href":"https:\/\/ladepeche.mr\/index.php?rest_route=\/wp\/v2\/types\/post"}],"author":[{"embeddable":true,"href":"https:\/\/ladepeche.mr\/index.php?rest_route=\/wp\/v2\/users\/2"}],"replies":[{"embeddable":true,"href":"https:\/\/ladepeche.mr\/index.php?rest_route=%2Fwp%2Fv2%2Fcomments&post=15671"}],"version-history":[{"count":1,"href":"https:\/\/ladepeche.mr\/index.php?rest_route=\/wp\/v2\/posts\/15671\/revisions"}],"predecessor-version":[{"id":15673,"href":"https:\/\/ladepeche.mr\/index.php?rest_route=\/wp\/v2\/posts\/15671\/revisions\/15673"}],"wp:featuredmedia":[{"embeddable":true,"href":"https:\/\/ladepeche.mr\/index.php?rest_route=\/wp\/v2\/media\/15672"}],"wp:attachment":[{"href":"https:\/\/ladepeche.mr\/index.php?rest_route=%2Fwp%2Fv2%2Fmedia&parent=15671"}],"wp:term":[{"taxonomy":"category","embeddable":true,"href":"https:\/\/ladepeche.mr\/index.php?rest_route=%2Fwp%2Fv2%2Fcategories&post=15671"},{"taxonomy":"post_tag","embeddable":true,"href":"https:\/\/ladepeche.mr\/index.php?rest_route=%2Fwp%2Fv2%2Ftags&post=15671"}],"curies":[{"name":"wp","href":"https:\/\/api.w.org\/{rel}","templated":true}]}}