{"id":15675,"date":"2025-05-12T11:05:55","date_gmt":"2025-05-12T11:05:55","guid":{"rendered":"https:\/\/ladepeche.mr\/?p=15675"},"modified":"2025-05-12T10:27:50","modified_gmt":"2025-05-12T10:27:50","slug":"en-direct-cyril-ramaphosa-paul-kagame-mohamed-ould-ghazouani-vers-une-souverainete-economique-africaine-assumee","status":"publish","type":"post","link":"https:\/\/ladepeche.mr\/?p=15675","title":{"rendered":"En direct \u2013 Cyril Ramaphosa, Paul Kagame, Mohamed Ould Ghazouani : vers une souverainet\u00e9 \u00e9conomique africaine assum\u00e9e"},"content":{"rendered":"<p>Quels leviers politiques, institutionnels et priv\u00e9s sont n\u00e9cessaires pour b\u00e2tir une puissance africaine \u00e0 la hauteur des d\u00e9fis globaux ? Les pr\u00e9sidents sud-africain, rwandais et mauritanien, ainsi que le vice pr\u00e9sident de la C\u00f4te d\u2019Ivoire, en d\u00e9battent lors de l\u2019Africa CEO Forum 2025, qui se tient \u00e0 Abidjan le 12 et 13 mai. Suivez les \u00e9changes en direct.<\/p>\n<p>Alors que le monde entre dans une nouvelle \u00e8re de fragmentation strat\u00e9gique \u2013 marqu\u00e9e par la r\u00e9surgence des guerres commerciales, le retour du souverainisme \u00e9conomique et la red\u00e9finition des alliances globales \u2013 l\u2019Afrique s\u2019interroge sur sa capacit\u00e9 \u00e0 projeter une puissance autonome, collective et durable. Et ce d\u00e9bat sera au centre de l\u2019Africa CEO Forum 2025, qui vient de s\u2019ouvrir \u00e0 Abidjan*.<\/p>\n<p>Une ambition autour de laquelle vont \u00e9changer les pr\u00e9sidents Cyril Ramaphosa (Afrique du Sud), Paul Kagame (Rwanda), Mohamed Ould Ghazouani (Mauritanie) ainsi que le vice-pr\u00e9sident Ti\u00e9moko Meyliet Kon\u00e9 (C\u00f4te d\u2019Ivoire). Au c\u0153ur des d\u00e9bats : la n\u00e9cessit\u00e9 de renforcer l\u2019articulation entre \u00c9tats et secteur priv\u00e9, mais aussi de repenser les outils d\u2019int\u00e9gration r\u00e9gionale qui, \u00e0 ce jour, n\u2019ont pas encore tenu toutes leurs promesses.<\/p>\n<p>Quelles r\u00e9formes engager ?<br \/>\nSi la Zone de libre \u00e9change continentale africaine (Zlecaf), l\u2019Union africaine ou encore les communaut\u00e9s \u00e9conomiques r\u00e9gionales ont \u00e9t\u00e9 pens\u00e9es comme leviers de croissance, leur mise en \u0153uvre reste difficile et surtout tr\u00e8s lente. Quant au secteur priv\u00e9, il peine encore \u00e0 s\u2019imposer comme moteur de transformation \u00e9conomique, faute d\u2019un environnement suffisamment propice \u00e0 l\u2019investissement, \u00e0 l\u2019innovation et \u00e0 l\u2019industrialisation.<\/p>\n<p>Quelles sont les r\u00e9formes \u00e0 engager d\u2019urgence pour cr\u00e9er un v\u00e9ritable espace \u00e9conomique africain souverain, r\u00e9silient et comp\u00e9titif ? C\u2019est tout l\u2019enjeu de la discussion qui se tient dans le cadre de cet Africa CEO Forum 2025.<\/p>\n<p>(*) L\u2019Africa CEO Forum est un \u00e9v\u00e8nement organis\u00e9 par Jeune Afrique Media Group VIA msn.com<\/p>\n","protected":false},"excerpt":{"rendered":"<p>Quels leviers politiques, institutionnels et priv\u00e9s sont n\u00e9cessaires pour b\u00e2tir une puissance africaine \u00e0 la hauteur des d\u00e9fis globaux ? Les pr\u00e9sidents sud-africain, rwandais et mauritanien, ainsi que le vice pr\u00e9sident de la C\u00f4te d\u2019Ivoire, en d\u00e9battent lors de l\u2019Africa CEO Forum 2025, qui se tient \u00e0 Abidjan le 12 et 13 mai. Suivez les &hellip;<\/p>\n","protected":false},"author":2,"featured_media":15676,"comment_status":"open","ping_status":"open","sticky":false,"template":"","format":"standard","meta":{"footnotes":""},"categories":[18,29],"tags":[],"class_list":["post-15675","post","type-post","status-publish","format-standard","has-post-thumbnail","hentry","category-actualites","category-monde"],"_links":{"self":[{"href":"https:\/\/ladepeche.mr\/index.php?rest_route=\/wp\/v2\/posts\/15675","targetHints":{"allow":["GET"]}}],"collection":[{"href":"https:\/\/ladepeche.mr\/index.php?rest_route=\/wp\/v2\/posts"}],"about":[{"href":"https:\/\/ladepeche.mr\/index.php?rest_route=\/wp\/v2\/types\/post"}],"author":[{"embeddable":true,"href":"https:\/\/ladepeche.mr\/index.php?rest_route=\/wp\/v2\/users\/2"}],"replies":[{"embeddable":true,"href":"https:\/\/ladepeche.mr\/index.php?rest_route=%2Fwp%2Fv2%2Fcomments&post=15675"}],"version-history":[{"count":1,"href":"https:\/\/ladepeche.mr\/index.php?rest_route=\/wp\/v2\/posts\/15675\/revisions"}],"predecessor-version":[{"id":15677,"href":"https:\/\/ladepeche.mr\/index.php?rest_route=\/wp\/v2\/posts\/15675\/revisions\/15677"}],"wp:featuredmedia":[{"embeddable":true,"href":"https:\/\/ladepeche.mr\/index.php?rest_route=\/wp\/v2\/media\/15676"}],"wp:attachment":[{"href":"https:\/\/ladepeche.mr\/index.php?rest_route=%2Fwp%2Fv2%2Fmedia&parent=15675"}],"wp:term":[{"taxonomy":"category","embeddable":true,"href":"https:\/\/ladepeche.mr\/index.php?rest_route=%2Fwp%2Fv2%2Fcategories&post=15675"},{"taxonomy":"post_tag","embeddable":true,"href":"https:\/\/ladepeche.mr\/index.php?rest_route=%2Fwp%2Fv2%2Ftags&post=15675"}],"curies":[{"name":"wp","href":"https:\/\/api.w.org\/{rel}","templated":true}]}}