{"id":15693,"date":"2025-05-13T10:30:30","date_gmt":"2025-05-13T10:30:30","guid":{"rendered":"https:\/\/ladepeche.mr\/?p=15693"},"modified":"2025-05-13T09:30:48","modified_gmt":"2025-05-13T09:30:48","slug":"le-president-de-la-republique-rencontre-le-directeur-general-de-la-societe-financiere-internationale","status":"publish","type":"post","link":"https:\/\/ladepeche.mr\/?p=15693","title":{"rendered":"Le Pr\u00e9sident de la R\u00e9publique rencontre le Directeur G\u00e9n\u00e9ral de la Soci\u00e9t\u00e9 Financi\u00e8re Internationale"},"content":{"rendered":"<p>En marge de la 12\u00e8me session du Forum africain des chefs d\u2019entreprise \u00e0 Abidjan, S.E. le Pr\u00e9sident de la R\u00e9publique Mohamed Ould Cheikh El Ghazouani a rencontr\u00e9 le Directeur G\u00e9n\u00e9ral de la Soci\u00e9t\u00e9 Financi\u00e8re Internationale (SFI), M. Mokhtar Diop.<\/p>\n<p>L\u2019entretien a port\u00e9 sur les moyens de renforcer et de d\u00e9velopper les relations de notre pays avec la SFI, ainsi que sur la n\u00e9cessit\u00e9 de d\u00e9velopper ses domaines d\u2019intervention au service des int\u00e9r\u00eats de notre pays et du continent africain.<\/p>\n<p>La r\u00e9union s\u2019est d\u00e9roul\u00e9e en pr\u00e9sence du Ministre charg\u00e9 du Cabinet du Pr\u00e9sident de la R\u00e9publique, M. Nani Ould Chrougha, du Ministre de l\u2019Economie et des Finances, M. Sid\u2019Ahmed Ould Bouh, et de S.E.M. Mohamed Abdallahi Ould Khattra, Ambassadeur de notre pays en C\u00f4te d\u2019Ivoire.<br \/>\nAmi<\/p>\n","protected":false},"excerpt":{"rendered":"<p>En marge de la 12\u00e8me session du Forum africain des chefs d\u2019entreprise \u00e0 Abidjan, S.E. le Pr\u00e9sident de la R\u00e9publique Mohamed Ould Cheikh El Ghazouani a rencontr\u00e9 le Directeur G\u00e9n\u00e9ral de la Soci\u00e9t\u00e9 Financi\u00e8re Internationale (SFI), M. Mokhtar Diop. L\u2019entretien a port\u00e9 sur les moyens de renforcer et de d\u00e9velopper les relations de notre pays &hellip;<\/p>\n","protected":false},"author":2,"featured_media":15694,"comment_status":"open","ping_status":"open","sticky":false,"template":"","format":"standard","meta":{"footnotes":""},"categories":[18,2],"tags":[],"class_list":["post-15693","post","type-post","status-publish","format-standard","has-post-thumbnail","hentry","category-actualites","category-economie"],"_links":{"self":[{"href":"https:\/\/ladepeche.mr\/index.php?rest_route=\/wp\/v2\/posts\/15693","targetHints":{"allow":["GET"]}}],"collection":[{"href":"https:\/\/ladepeche.mr\/index.php?rest_route=\/wp\/v2\/posts"}],"about":[{"href":"https:\/\/ladepeche.mr\/index.php?rest_route=\/wp\/v2\/types\/post"}],"author":[{"embeddable":true,"href":"https:\/\/ladepeche.mr\/index.php?rest_route=\/wp\/v2\/users\/2"}],"replies":[{"embeddable":true,"href":"https:\/\/ladepeche.mr\/index.php?rest_route=%2Fwp%2Fv2%2Fcomments&post=15693"}],"version-history":[{"count":1,"href":"https:\/\/ladepeche.mr\/index.php?rest_route=\/wp\/v2\/posts\/15693\/revisions"}],"predecessor-version":[{"id":15695,"href":"https:\/\/ladepeche.mr\/index.php?rest_route=\/wp\/v2\/posts\/15693\/revisions\/15695"}],"wp:featuredmedia":[{"embeddable":true,"href":"https:\/\/ladepeche.mr\/index.php?rest_route=\/wp\/v2\/media\/15694"}],"wp:attachment":[{"href":"https:\/\/ladepeche.mr\/index.php?rest_route=%2Fwp%2Fv2%2Fmedia&parent=15693"}],"wp:term":[{"taxonomy":"category","embeddable":true,"href":"https:\/\/ladepeche.mr\/index.php?rest_route=%2Fwp%2Fv2%2Fcategories&post=15693"},{"taxonomy":"post_tag","embeddable":true,"href":"https:\/\/ladepeche.mr\/index.php?rest_route=%2Fwp%2Fv2%2Ftags&post=15693"}],"curies":[{"name":"wp","href":"https:\/\/api.w.org\/{rel}","templated":true}]}}