{"id":15696,"date":"2025-05-13T12:00:23","date_gmt":"2025-05-13T12:00:23","guid":{"rendered":"https:\/\/ladepeche.mr\/?p=15696"},"modified":"2025-05-13T09:50:17","modified_gmt":"2025-05-13T09:50:17","slug":"marges-de-verite-la-touche-republicaine","status":"publish","type":"post","link":"https:\/\/ladepeche.mr\/?p=15696","title":{"rendered":"&#8220;Marges de v\u00e9rit\u00e9&#8221;: La touche R\u00e9publicaine!"},"content":{"rendered":"<p>Dans le geste pos\u00e9 par le Pr\u00e9sident Mohamed Ould Cheikh El Ghazouani, il ne s\u2019agit pas d\u2019une simple r\u00e9ponse humanitaire \u00e0 une d\u00e9tresse individuelle. Il faut y voir, pour qui sait lire entre les lignes de la symbolique r\u00e9publicaine, un acte de haute port\u00e9e institutionnelle, morale et m\u00e9morielle. Car r\u00e9int\u00e9grer la famille du chauffeur du Pr\u00e9sident fondateur dans la maison qu\u2019elle occupe depuis plus de soixante ans, ce n\u2019est pas simplement r\u00e9parer une injustice : c\u2019est restaurer une filiation entre l\u2019\u00c9tat mauritanien et les humbles serviteurs de sa gen\u00e8se.<br \/>\nCe geste ne vient pas contredire la justice \u2014 il vient rappeler qu\u2019aucune d\u00e9cision judiciaire, aussi r\u00e9guli\u00e8re soit-elle dans la forme, ne peut s\u2019\u00e9riger en v\u00e9rit\u00e9 ultime si elle m\u00e9conna\u00eet la profondeur historique et la m\u00e9moire morale d\u2019un peuple. En repla\u00e7ant la dignit\u00e9 au c\u0153ur de l\u2019action publique, le Pr\u00e9sident Ghazouani redonne \u00e0 l\u2019exercice du pouvoir une verticalit\u00e9 que les technicit\u00e9s administratives avaient brutalement aplanie.<br \/>\nLa maison en question n\u2019est pas une simple b\u00e2tisse. C\u2019est un espace habit\u00e9 par l\u2019histoire, par les souvenirs de cette \u00e9poque fondatrice o\u00f9 le chauffeur du Pr\u00e9sident Moktar Ould Daddah, figure populaire de la capitale, \u00e9tait plus qu\u2019un conducteur : un t\u00e9moin du r\u00eave national en construction. Il faisait partie de ces visages familiers des dimanches nostalgiques de Nouakchott, o\u00f9 l\u2019on croisait au stade de la capitale. Chasser sa descendance de ces lieux, c\u2019\u00e9tait nier une page vive de notre m\u00e9moire collective.<br \/>\nLes images poignantes de sa fille, Fatima, expuls\u00e9e de cette maison avec sa famille, avaient quelque chose de tragique \u2014 non pas seulement parce qu\u2019elles \u00e9voquaient la pr\u00e9carit\u00e9, mais parce qu\u2019elles semblaient signer la d\u00e9mission d\u2019un \u00c9tat face \u00e0 sa propre continuit\u00e9. En instruisant leur r\u00e9int\u00e9gration, le Chef de l\u2019\u00c9tat a fait bien plus que r\u00e9pondre \u00e0 un cri de d\u00e9tresse : il a r\u00e9habilit\u00e9 la R\u00e9publique elle-m\u00eame.<br \/>\nMais ce geste n\u2019est pas isol\u00e9. Il s\u2019inscrit dans une exigence plus large : celle de revaloriser les lieux fondateurs de notre souverainet\u00e9. \u00c0 ce titre, il est urgent que l\u2019\u00c9tat restitue \u00e0 la Nation le premier domicile pr\u00e9sidentiel, celui de Moktar Ould Daddah \u00e0 l\u2019\u00eelot V, bien public patrimonial par excellence, transform\u00e9 et d\u00e9natur\u00e9 par le pouvoir sans m\u00e9moire de Maaouiya. Cette maison, qui a vu se succ\u00e9der d\u2019illustres et int\u00e8gres serviteurs de l\u2019\u00c9tat \u2014 Ahmed Kelly Ould Cheikh Sidiya, Mohamed Aly Ch\u00e9rif, Mohamed Khattry Ould Segane \u2014 m\u00e9rite d\u2019\u00eatre rendue \u00e0 l\u2019histoire, \u00e0 l\u2019\u00e9ducation civique, \u00e0 la R\u00e9publique.<br \/>\nEn r\u00e9int\u00e9grant une famille opprim\u00e9e, le Pr\u00e9sident n\u2019a pas c\u00e9d\u00e9 \u00e0 l\u2019\u00e9motion : il a r\u00e9affirm\u00e9 que la justice sociale n\u2019est pas un suppl\u00e9ment d\u2019\u00e2me, mais l\u2019armature invisible de tout projet d\u2019\u00c9tat digne de ce nom. Il a rappel\u00e9, contre les froides proc\u00e9dures et l\u2019indiff\u00e9rence bureaucratique, que la Mauritanie n\u2019est pas un assemblage d\u2019int\u00e9r\u00eats mais une communaut\u00e9 de m\u00e9moire, de loyaut\u00e9s, de valeurs.<br \/>\nChronique de Mohamed Ould Echriv Echriv<\/p>\n","protected":false},"excerpt":{"rendered":"<p>Dans le geste pos\u00e9 par le Pr\u00e9sident Mohamed Ould Cheikh El Ghazouani, il ne s\u2019agit pas d\u2019une simple r\u00e9ponse humanitaire \u00e0 une d\u00e9tresse individuelle. Il faut y voir, pour qui sait lire entre les lignes de la symbolique r\u00e9publicaine, un acte de haute port\u00e9e institutionnelle, morale et m\u00e9morielle. Car r\u00e9int\u00e9grer la famille du chauffeur du &hellip;<\/p>\n","protected":false},"author":2,"featured_media":15666,"comment_status":"open","ping_status":"open","sticky":false,"template":"","format":"standard","meta":{"footnotes":""},"categories":[18],"tags":[],"class_list":["post-15696","post","type-post","status-publish","format-standard","has-post-thumbnail","hentry","category-actualites"],"_links":{"self":[{"href":"https:\/\/ladepeche.mr\/index.php?rest_route=\/wp\/v2\/posts\/15696","targetHints":{"allow":["GET"]}}],"collection":[{"href":"https:\/\/ladepeche.mr\/index.php?rest_route=\/wp\/v2\/posts"}],"about":[{"href":"https:\/\/ladepeche.mr\/index.php?rest_route=\/wp\/v2\/types\/post"}],"author":[{"embeddable":true,"href":"https:\/\/ladepeche.mr\/index.php?rest_route=\/wp\/v2\/users\/2"}],"replies":[{"embeddable":true,"href":"https:\/\/ladepeche.mr\/index.php?rest_route=%2Fwp%2Fv2%2Fcomments&post=15696"}],"version-history":[{"count":1,"href":"https:\/\/ladepeche.mr\/index.php?rest_route=\/wp\/v2\/posts\/15696\/revisions"}],"predecessor-version":[{"id":15697,"href":"https:\/\/ladepeche.mr\/index.php?rest_route=\/wp\/v2\/posts\/15696\/revisions\/15697"}],"wp:featuredmedia":[{"embeddable":true,"href":"https:\/\/ladepeche.mr\/index.php?rest_route=\/wp\/v2\/media\/15666"}],"wp:attachment":[{"href":"https:\/\/ladepeche.mr\/index.php?rest_route=%2Fwp%2Fv2%2Fmedia&parent=15696"}],"wp:term":[{"taxonomy":"category","embeddable":true,"href":"https:\/\/ladepeche.mr\/index.php?rest_route=%2Fwp%2Fv2%2Fcategories&post=15696"},{"taxonomy":"post_tag","embeddable":true,"href":"https:\/\/ladepeche.mr\/index.php?rest_route=%2Fwp%2Fv2%2Ftags&post=15696"}],"curies":[{"name":"wp","href":"https:\/\/api.w.org\/{rel}","templated":true}]}}