{"id":15711,"date":"2025-05-13T13:57:48","date_gmt":"2025-05-13T13:57:48","guid":{"rendered":"https:\/\/ladepeche.mr\/?p=15711"},"modified":"2025-05-14T05:54:05","modified_gmt":"2025-05-14T05:54:05","slug":"liberation-de-e-alexander-rien-ne-va-plus-entre-d-trum-et-netanyahou","status":"publish","type":"post","link":"https:\/\/ladepeche.mr\/?p=15711","title":{"rendered":"Lib\u00e9ration de E. Alexander: Rien ne va plus entre D. Trump et Netanyahou?!"},"content":{"rendered":"<p>Le pr\u00e9sident am\u00e9ricain r\u00e9alise de plus en plus la mauvaise foi du premier ministre isra\u00e9lien quant \u00e0 ses capacit\u00e9s d\u2019en finir avec le Hamas et \u00e0 sa promesse de trouver une issue claire au d\u00e9sastre qu\u2019il a sem\u00e9 \u00e0 Gaza et dans toute la sous-r\u00e9gion.<br \/>\nLe pr\u00e9sident am\u00e9ricain a notamment donn\u00e9 des signes de m\u00e9contentement au belliqueux premier ministre isra\u00e9lien au point d\u2019accentuer son isolement. D. Trump a notamment indiqu\u00e9 qu\u2019il ne ferait pas d\u2019escale \u00e0 Tel Aviv. Pour mener \u00e0 bien les missions, le pr\u00e9sident am\u00e9ricain dont la confiance est \u00e9branl\u00e9e dans le premier ministre isra\u00e9lien, se fonde surtout sur l\u2019action de son envoy\u00e9 sp\u00e9cial Steve Witkoff.<br \/>\nTout comme dans le dossier iranien o\u00f9 les Etats-Unis ont pris l\u2019initiative de n\u00e9gocier directement avec T\u00e9h\u00e9ran, sans s\u2019en r\u00e9f\u00e9rer au gouvernement du Likoud, le pr\u00e9sident am\u00e9ricain semblerait aussi d\u00e9termin\u00e9 \u00e0 engager, dans une premi\u00e8re phase, un couloir humanitaire pour la distribution de vivres en secours aux populations palestiniennes soumises \u00e0 un embargo du gouvernement Netanyahou que beaucoup de dirigeants occidentaux ont fortement condamn\u00e9. A terme, il s&#8217;agirait aussi pour le pr\u00e9sident am\u00e9ricain de mettre fin \u00e0 la guerre \u00e0 Gaza.<\/p>\n<p><strong>\u00abEnough is enough \u00bb<\/strong><br \/>\nLa relation entre le pr\u00e9sident am\u00e9ricain et le premier ministre isra\u00e9lien se d\u00e9t\u00e9riore de plus en plus en raison des subterfuges du premier ministre isra\u00e9lien qui continuerait de vouloir envenimer la situation s\u00e9curitaire dans la r\u00e9gion et perp\u00e9tuer son agression contre Gaza pour \u00e9viter son proc\u00e8s. Il compte d\u2019ailleurs sur la coalition avec les ultraorthodoxes dans son gouvernement se maintenir au pouvoir.<br \/>\nM\u00eame si le premier ministre se trouve entre le marteau et l\u2019enclume, il n\u2019a plus beaucoup de choix face \u00e0 l\u2019engagement du pr\u00e9sident D. Trump \u00e0 ramener les 58 otages restants entre les mains du Hamas. Ce dernier sort renforcer par la derni\u00e8re n\u00e9gociation directe avec les Usa pour la lib\u00e9ration de E. Alexander. Une lib\u00e9ration que Netanyahou a tent\u00e9 de r\u00e9cup\u00e9rer \u00e0 son compte parlant de l\u2019effet de la pression militaire sur le mouvement palestinien. Mais les Etats-Unis savent qu\u2019il n\u2019en est rien et contemplent, m\u00e9dus\u00e9s, le premier ministre men\u00e9 une campagne de communication maladroite qui le fragilise encore davantage. Le revirement du premier ministre, apr\u00e8s cette situation pour le moins d\u00e9sobligeante pour lui, s\u2019est manifest\u00e9 par l\u2019envoi d\u2019une \u00e9quipe de n\u00e9gociation de l\u2019accord sur les otages mardi \u00e0 Doha. Malgr\u00e9 son d\u00e9sir \u00e0 continuer son g\u00e9nocide contre les palestiniens et en d\u00e9pit du refus des r\u00e9servistes de porter encore les armes \u00e0 Gaza, le premier ministre isra\u00e9lien brandit toujours la menace de poursuivre son offensive pour occuper totalement Gaza. Mais il pourrait reculer dans l\u2019objectif de faire revenir \u00e0 de meilleurs sentiments les am\u00e9ricains en acceptant sans doute un arr\u00eat sporadique de cette guerre g\u00e9nocidaire dont les raisons sont d\u00e9sormais reprouv\u00e9es dans le monde entier pour la violence qu\u2019elle a g\u00e9n\u00e9r\u00e9 et les milliers de victimes innocentes massacr\u00e9es.<br \/>\nJD<\/p>\n","protected":false},"excerpt":{"rendered":"<p>Le pr\u00e9sident am\u00e9ricain r\u00e9alise de plus en plus la mauvaise foi du premier ministre isra\u00e9lien quant \u00e0 ses capacit\u00e9s d\u2019en finir avec le Hamas et \u00e0 sa promesse de trouver une issue claire au d\u00e9sastre qu\u2019il a sem\u00e9 \u00e0 Gaza et dans toute la sous-r\u00e9gion. Le pr\u00e9sident am\u00e9ricain a notamment donn\u00e9 des signes de m\u00e9contentement &hellip;<\/p>\n","protected":false},"author":2,"featured_media":15712,"comment_status":"open","ping_status":"open","sticky":false,"template":"","format":"standard","meta":{"footnotes":""},"categories":[18,29],"tags":[],"class_list":["post-15711","post","type-post","status-publish","format-standard","has-post-thumbnail","hentry","category-actualites","category-monde"],"_links":{"self":[{"href":"https:\/\/ladepeche.mr\/index.php?rest_route=\/wp\/v2\/posts\/15711","targetHints":{"allow":["GET"]}}],"collection":[{"href":"https:\/\/ladepeche.mr\/index.php?rest_route=\/wp\/v2\/posts"}],"about":[{"href":"https:\/\/ladepeche.mr\/index.php?rest_route=\/wp\/v2\/types\/post"}],"author":[{"embeddable":true,"href":"https:\/\/ladepeche.mr\/index.php?rest_route=\/wp\/v2\/users\/2"}],"replies":[{"embeddable":true,"href":"https:\/\/ladepeche.mr\/index.php?rest_route=%2Fwp%2Fv2%2Fcomments&post=15711"}],"version-history":[{"count":4,"href":"https:\/\/ladepeche.mr\/index.php?rest_route=\/wp\/v2\/posts\/15711\/revisions"}],"predecessor-version":[{"id":15724,"href":"https:\/\/ladepeche.mr\/index.php?rest_route=\/wp\/v2\/posts\/15711\/revisions\/15724"}],"wp:featuredmedia":[{"embeddable":true,"href":"https:\/\/ladepeche.mr\/index.php?rest_route=\/wp\/v2\/media\/15712"}],"wp:attachment":[{"href":"https:\/\/ladepeche.mr\/index.php?rest_route=%2Fwp%2Fv2%2Fmedia&parent=15711"}],"wp:term":[{"taxonomy":"category","embeddable":true,"href":"https:\/\/ladepeche.mr\/index.php?rest_route=%2Fwp%2Fv2%2Fcategories&post=15711"},{"taxonomy":"post_tag","embeddable":true,"href":"https:\/\/ladepeche.mr\/index.php?rest_route=%2Fwp%2Fv2%2Ftags&post=15711"}],"curies":[{"name":"wp","href":"https:\/\/api.w.org\/{rel}","templated":true}]}}