{"id":15720,"date":"2025-05-14T09:30:30","date_gmt":"2025-05-14T09:30:30","guid":{"rendered":"https:\/\/ladepeche.mr\/?p=15720"},"modified":"2025-05-14T05:47:12","modified_gmt":"2025-05-14T05:47:12","slug":"le-ministre-delegue-charge-du-budget-sentretient-avec-des-responsables-des-agences-de-notation-moodys-et-standard-poors","status":"publish","type":"post","link":"https:\/\/ladepeche.mr\/?p=15720","title":{"rendered":"Le ministre d\u00e9l\u00e9gu\u00e9 charg\u00e9 du Budget s\u2019entretient avec des responsables des agences de notation Moody\u2019s et Standard &#038; Poor\u2019s"},"content":{"rendered":"<p>Dans le cadre des efforts soutenus visant \u00e0 renforcer la confiance internationale dans l\u2019\u00e9conomie nationale et \u00e0 affirmer la position de la Mauritanie sur la sc\u00e8ne des march\u00e9s financiers mondiaux, le ministre d\u00e9l\u00e9gu\u00e9 aupr\u00e8s du ministre de l\u2019\u00c9conomie et des Finances, charg\u00e9 du Budget, M. Codioro Moussa N\u2019Guenore, a tenu des \u00e9changes avec des responsables des deux grandes agences de notation financi\u00e8re internationales, Moody\u2019s et Standard &#038; Poor\u2019s.<\/p>\n<p>La rencontre a eu lieu mardi, en marge des travaux de la conf\u00e9rence r\u00e9gionale organis\u00e9e \u00e0 Lom\u00e9, capitale du Togo, portant sur les m\u00e9canismes de gestion de la dette en Afrique.<\/p>\n<p>Au cours des discussions, le ministre a mis en avant les progr\u00e8s accomplis par la Mauritanie en mati\u00e8re de gouvernance budg\u00e9taire, de mobilisation des ressources int\u00e9rieures et de transparence dans la gestion de la dette publique.<\/p>\n<p>Ces \u00e9changes traduisent l\u2019engagement du pays \u00e0 adopter les meilleures pratiques internationales en mati\u00e8re de gestion des finances publiques. En particulier, les r\u00e9formes entreprises pour am\u00e9liorer la transparence dans le pilotage de la dette constituent un levier essentiel pour le renforcement de la notation souveraine de la Mauritanie.<\/p>\n<p>Ont pris part \u00e0 la rencontre MM. El Houssein Mejdoub, directeur adjoint de la Dette publique, et Mohamed Mahmoud Michel, directeur de la centralisation comptable et de la gestion de la tr\u00e9sorerie \u00e0 la Direction g\u00e9n\u00e9rale du Tr\u00e9sor et de la Comptabilit\u00e9 publique.<br \/>\nSource MEF<code><\/p>\n","protected":false},"excerpt":{"rendered":"<p>Dans le cadre des efforts soutenus visant \u00e0 renforcer la confiance internationale dans l\u2019\u00e9conomie nationale et \u00e0 affirmer la position de la Mauritanie sur la sc\u00e8ne des march\u00e9s financiers mondiaux, le ministre d\u00e9l\u00e9gu\u00e9 aupr\u00e8s du ministre de l\u2019\u00c9conomie et des Finances, charg\u00e9 du Budget, M. Codioro Moussa N\u2019Guenore, a tenu des \u00e9changes avec des responsables &hellip;<\/p>\n","protected":false},"author":2,"featured_media":15721,"comment_status":"open","ping_status":"open","sticky":false,"template":"","format":"standard","meta":{"footnotes":""},"categories":[18,2],"tags":[],"class_list":["post-15720","post","type-post","status-publish","format-standard","has-post-thumbnail","hentry","category-actualites","category-economie"],"_links":{"self":[{"href":"https:\/\/ladepeche.mr\/index.php?rest_route=\/wp\/v2\/posts\/15720","targetHints":{"allow":["GET"]}}],"collection":[{"href":"https:\/\/ladepeche.mr\/index.php?rest_route=\/wp\/v2\/posts"}],"about":[{"href":"https:\/\/ladepeche.mr\/index.php?rest_route=\/wp\/v2\/types\/post"}],"author":[{"embeddable":true,"href":"https:\/\/ladepeche.mr\/index.php?rest_route=\/wp\/v2\/users\/2"}],"replies":[{"embeddable":true,"href":"https:\/\/ladepeche.mr\/index.php?rest_route=%2Fwp%2Fv2%2Fcomments&post=15720"}],"version-history":[{"count":1,"href":"https:\/\/ladepeche.mr\/index.php?rest_route=\/wp\/v2\/posts\/15720\/revisions"}],"predecessor-version":[{"id":15722,"href":"https:\/\/ladepeche.mr\/index.php?rest_route=\/wp\/v2\/posts\/15720\/revisions\/15722"}],"wp:featuredmedia":[{"embeddable":true,"href":"https:\/\/ladepeche.mr\/index.php?rest_route=\/wp\/v2\/media\/15721"}],"wp:attachment":[{"href":"https:\/\/ladepeche.mr\/index.php?rest_route=%2Fwp%2Fv2%2Fmedia&parent=15720"}],"wp:term":[{"taxonomy":"category","embeddable":true,"href":"https:\/\/ladepeche.mr\/index.php?rest_route=%2Fwp%2Fv2%2Fcategories&post=15720"},{"taxonomy":"post_tag","embeddable":true,"href":"https:\/\/ladepeche.mr\/index.php?rest_route=%2Fwp%2Fv2%2Ftags&post=15720"}],"curies":[{"name":"wp","href":"https:\/\/api.w.org\/{rel}","templated":true}]}}