{"id":15730,"date":"2025-05-14T20:36:37","date_gmt":"2025-05-14T20:36:37","guid":{"rendered":"https:\/\/ladepeche.mr\/?p=15730"},"modified":"2025-05-14T20:46:52","modified_gmt":"2025-05-14T20:46:52","slug":"trafic-de-substances-psychotropes-communique-sur-laffaire-du-reseau-criminel-implique-dans-la-contrebande-la-distribution-de-pilules-hallucinogenes-et-la-contrefacon-de-monnaies-etrangeres","status":"publish","type":"post","link":"https:\/\/ladepeche.mr\/?p=15730","title":{"rendered":"Trafic de substances psychotropes: Communiqu\u00e9 du parquet de Nouakchott"},"content":{"rendered":"<p>Le parquet de Nouakchott Ouest a publi\u00e9, aujourd\u2019hui, un communiqu\u00e9 sur l\u2019affaire du r\u00e9seau criminel, objet du pr\u00e9c\u00e9dent communiqu\u00e9, impliqu\u00e9 dans des activit\u00e9s ill\u00e9gales portant atteinte \u00e0 la s\u00e9curit\u00e9 et \u00e0 la sant\u00e9 des citoyens et des r\u00e9sidents \u00e9trangers vivant sur le sol national.<\/p>\n<p>Voici le texte du communiqu\u00e9 d\u2019aujourd\u2019hui :<\/p>\n<p>\u201cDans le cadre de son mandat constitutionnel et l\u00e9gal, et dans la continuit\u00e9 de ses efforts permanents pour prot\u00e9ger la soci\u00e9t\u00e9, pr\u00e9server la tranquillit\u00e9 publique et promouvoir la s\u00e9curit\u00e9, le minist\u00e8re public annonce \u00e0 l\u2019opinion publique nationale la fin de l\u2019enqu\u00eate pr\u00e9liminaire sur l\u2019affaire du r\u00e9seau criminel qui a fait l\u2019objet d\u2019un pr\u00e9c\u00e9dent communiqu\u00e9, impliqu\u00e9 dans des activit\u00e9s ill\u00e9gales qui affectent la s\u00e9curit\u00e9 et la sant\u00e9 des citoyens et des r\u00e9sidents \u00e9trangers.<\/p>\n<p>Ce matin, la police judiciaire a transf\u00e9r\u00e9 devant le procureur de la R\u00e9publique pr\u00e8s le tribunal de Nouakchott Ouest le rapport d\u2019enqu\u00eate pr\u00e9liminaire relatif \u00e0 l\u2019affaire du r\u00e9seau criminel impliqu\u00e9 dans la contrebande, la distribution de pilules hallucinog\u00e8nes et la contrefa\u00e7on de monnaies \u00e9trang\u00e8re, ainsi que les suspects et les objets saisis en leur possession, en attendant la finalisation du rapport relatif aux armes. Au total, 32 personnes ont \u00e9t\u00e9 d\u00e9f\u00e9r\u00e9es au parquet.<\/p>\n<p>L\u2019enqu\u00eate a r\u00e9v\u00e9l\u00e9 des donn\u00e9es d\u2019une gravit\u00e9 extr\u00eame, notamment la saisie d\u2019\u00e9normes quantit\u00e9s de substances interdites s\u2019\u00e9levant \u00e0 un million neuf cent quarante mille quatre cents (1 940 400) comprim\u00e9s, flacons et bidons, \u00e0 l\u2019int\u00e9rieur d\u2019entrep\u00f4ts secrets utilis\u00e9s par ce r\u00e9seau :<\/p>\n<p>\u2013 Des substances psychotropes tr\u00e8s dangereuses.<\/p>\n<p>\u2013 Des m\u00e9dicaments contrefaits qui repr\u00e9sentent une menace s\u00e9rieuse pour la sant\u00e9 publique.<\/p>\n<p>\u2013 Des m\u00e9dicaments p\u00e9rim\u00e9s, inefficaces et dangereux pour la vie.<\/p>\n<p>\u2013 De fausses devises \u00e9trang\u00e8res d\u00e9passant le million de dollars am\u00e9ricains, ainsi que des quantit\u00e9s d\u2019euros et de francs africains, ont \u00e9galement \u00e9t\u00e9 saisies en possession de certains membres de ce r\u00e9seau, ce qui confirme que les activit\u00e9s de ce groupe se chevauchent avec des pratiques criminelles de nature transfrontali\u00e8re.<\/p>\n<p>Apr\u00e8s que le minist\u00e8re public ait examin\u00e9 les rapports d\u2019enqu\u00eate et entendu les suspects dans le respect des garanties l\u00e9gales, ceux-ci ont \u00e9t\u00e9 inculp\u00e9s des d\u00e9lits suivants :<\/p>\n<p>Formation d\u2019une association criminelle dans le but de compromettre la s\u00e9curit\u00e9 et la sant\u00e9 publique, d\u00e9tention ill\u00e9gale de stup\u00e9fiants et de substances psychotropes dans l\u2019intention d\u2019en faire le trafic, distribution de m\u00e9dicaments contrefaits et p\u00e9rim\u00e9s pr\u00e9sentant un danger pour la sant\u00e9 publique, stockage et distribution de m\u00e9dicaments sans licence l\u00e9gale, d\u00e9tention de fausses monnaies \u00e9trang\u00e8res, et participation \u00e0 de tels actes incrimin\u00e9s et r\u00e9prim\u00e9s par les articles 245-246-247-248-249-129-130-376-53-54 du code p\u00e9nal mauritanien, les articles 36-37 de la loi sur la lutte contre les stup\u00e9fiants et les substances psychotropes, les articles 83-84 de la loi sur le march\u00e9 l\u00e9gal des stup\u00e9fiants et des substances psychotropes, les articles 65-132-143 bis (nouveau 149) de la loi sur la pharmacie, et les articles 76-78 de la loi sur la protection du consommateur.<\/p>\n<p>Le dossier a \u00e9t\u00e9 transmis au troisi\u00e8me bureau, sp\u00e9cialis\u00e9 dans les enqu\u00eates sur les crimes li\u00e9s aux stup\u00e9fiants et aux substances psychotropes, afin d\u2019entamer des proc\u00e9dures d\u2019enqu\u00eate judiciaire, avec les demandes suivantes :<\/p>\n<p>\u2013 Le placement en d\u00e9tention provisoire de 29 personnes a \u00e9t\u00e9 ordonn\u00e9, compte tenu de la gravit\u00e9 des faits qui leur sont reproch\u00e9s et des fortes pr\u00e9somptions de leur implication directe.<\/p>\n<p>\u2013 D\u00e9livrance d\u2019un mandat d\u2019amener \u00e0 l\u2019encontre d\u2019une personne.<\/p>\n<p>\u2013 L\u2019\u00e9mission de deux mandats d\u2019arr\u00eat \u00e0 l\u2019encontre de deux pr\u00e9venus.<\/p>\n<p>Tout en saluant la vigilance des services s\u00e9curitaires et judiciaires, le minist\u00e8re public met en garde contre les risques graves li\u00e9s \u00e0 la circulation des stup\u00e9fiants et des substances psychotropes, qui sont devenus la cause principale de l\u2019augmentation des meurtres, des viols, des vols et des agressions, en plus de leur r\u00f4le dans la d\u00e9t\u00e9rioration du tissu social et la d\u00e9ch\u00e9ance de la jeunesse.<\/p>\n<p>Le minist\u00e8re public souligne que toute personne qui importe, stocke ou s\u2019adonne \u00e0 l\u2019importation et la distribution de m\u00e9dicaments en dehors des cadres l\u00e9gaux \u00e9tablis s\u2019expose \u00e0 une responsabilit\u00e9 p\u00e9nale stricte, car ce comportement constitue une menace directe pour la sant\u00e9 publique et une atteinte \u00e0 la s\u00e9curit\u00e9 nationale.<\/p>\n<p>Il appelle \u00e9galement les citoyens \u00e0 contribuer activement \u00e0 la protection de leur patrie en signalant toute activit\u00e9 suspecte li\u00e9e aux m\u00e9dicaments, aux stup\u00e9fiants ou \u00e0 la fausse monnaie, soulignant que la protection de la soci\u00e9t\u00e9 est une responsabilit\u00e9 collective qui ne peut \u00eatre assum\u00e9e que par la conjugaison de tous les efforts.<\/p>\n<p>En conclusion, le minist\u00e8re public appelle chacun \u00e0 prendre conscience que quiconque se rend coupable de compromettre la sant\u00e9, la s\u00e9curit\u00e9 ou l\u2019\u00e9conomie des citoyens sera poursuivi sans rel\u00e2che, ne restera pas impuni et sera traduit devant la justice pour recevoir la sanction dissuasive, conform\u00e9ment aux dispositions de la loi, dans un \u00c9tat de droit o\u00f9 il n\u2019y a de place ni pour le crime ni pour les criminels.<\/p>\n","protected":false},"excerpt":{"rendered":"<p>Le parquet de Nouakchott Ouest a publi\u00e9, aujourd\u2019hui, un communiqu\u00e9 sur l\u2019affaire du r\u00e9seau criminel, objet du pr\u00e9c\u00e9dent communiqu\u00e9, impliqu\u00e9 dans des activit\u00e9s ill\u00e9gales portant atteinte \u00e0 la s\u00e9curit\u00e9 et \u00e0 la sant\u00e9 des citoyens et des r\u00e9sidents \u00e9trangers vivant sur le sol national. Voici le texte du communiqu\u00e9 d\u2019aujourd\u2019hui : \u201cDans le cadre de &hellip;<\/p>\n","protected":false},"author":2,"featured_media":15731,"comment_status":"open","ping_status":"open","sticky":false,"template":"","format":"standard","meta":{"footnotes":""},"categories":[18],"tags":[],"class_list":["post-15730","post","type-post","status-publish","format-standard","has-post-thumbnail","hentry","category-actualites"],"_links":{"self":[{"href":"https:\/\/ladepeche.mr\/index.php?rest_route=\/wp\/v2\/posts\/15730","targetHints":{"allow":["GET"]}}],"collection":[{"href":"https:\/\/ladepeche.mr\/index.php?rest_route=\/wp\/v2\/posts"}],"about":[{"href":"https:\/\/ladepeche.mr\/index.php?rest_route=\/wp\/v2\/types\/post"}],"author":[{"embeddable":true,"href":"https:\/\/ladepeche.mr\/index.php?rest_route=\/wp\/v2\/users\/2"}],"replies":[{"embeddable":true,"href":"https:\/\/ladepeche.mr\/index.php?rest_route=%2Fwp%2Fv2%2Fcomments&post=15730"}],"version-history":[{"count":2,"href":"https:\/\/ladepeche.mr\/index.php?rest_route=\/wp\/v2\/posts\/15730\/revisions"}],"predecessor-version":[{"id":15739,"href":"https:\/\/ladepeche.mr\/index.php?rest_route=\/wp\/v2\/posts\/15730\/revisions\/15739"}],"wp:featuredmedia":[{"embeddable":true,"href":"https:\/\/ladepeche.mr\/index.php?rest_route=\/wp\/v2\/media\/15731"}],"wp:attachment":[{"href":"https:\/\/ladepeche.mr\/index.php?rest_route=%2Fwp%2Fv2%2Fmedia&parent=15730"}],"wp:term":[{"taxonomy":"category","embeddable":true,"href":"https:\/\/ladepeche.mr\/index.php?rest_route=%2Fwp%2Fv2%2Fcategories&post=15730"},{"taxonomy":"post_tag","embeddable":true,"href":"https:\/\/ladepeche.mr\/index.php?rest_route=%2Fwp%2Fv2%2Ftags&post=15730"}],"curies":[{"name":"wp","href":"https:\/\/api.w.org\/{rel}","templated":true}]}}