{"id":15733,"date":"2025-05-14T20:41:15","date_gmt":"2025-05-14T20:41:15","guid":{"rendered":"https:\/\/ladepeche.mr\/?p=15733"},"modified":"2025-05-14T20:41:15","modified_gmt":"2025-05-14T20:41:15","slug":"cannes-des-stars-denoncent-le-silence-face-au-genocide-a-gaza","status":"publish","type":"post","link":"https:\/\/ladepeche.mr\/?p=15733","title":{"rendered":"Cannes : des stars d\u00e9noncent le &#8220;silence&#8221; face au &#8220;g\u00e9nocide&#8221; \u00e0 Gaza"},"content":{"rendered":"<p>Alors que Cannes 2025 s\u2019est ouvert ce mardi soir sur la Croisette, une tribune sign\u00e9e par plusieurs figures majeures du cin\u00e9ma international vient bousculer l\u2019ambiance glamour d\u2019un des plus grand festival de cin\u00e9ma au monde. Publi\u00e9e lundi dans Lib\u00e9ration, cette d\u00e9claration d\u00e9nonce \u00ab le silence assourdissant \u00bb du monde de la culture face \u00e0 ce que les signataires qualifient de \u00ab g\u00e9nocide \u00bb \u00e0 Gaza.<\/p>\n<p>Sign\u00e9e par plus de 380 artistes, parmi lesquels les cin\u00e9astes Pedro Almod\u00f3var, David Cronenberg et Ruben \u00d6stlund, les acteurs Javier Bardem et Richard Gere, ou encore l\u2019actrice Susan Sarandon, la tribune affirme : \u201cNous, artistes et acteur\u00b7ice\u00b7s de la culture, ne pouvons rester silencieux tandis qu\u2019un g\u00e9nocide est en cours \u00e0 Gaza\u201d.<\/p>\n<p>Ce texte intervient alors que le documentaire \u00ab Put your soul on your hand and walk \u00bb, pr\u00e9sent\u00e9 cette ann\u00e9e \u00e0 Cannes, rend hommage \u00e0 la photojournaliste palestinienne Fatima Hassouna, tu\u00e9e mi-avril dans un bombardement isra\u00e9lien. Dix membres de sa famille, dont sa s\u0153ur enceinte, ont \u00e9galement p\u00e9ri dans cette attaque. Hassouna est ainsi devenue \u00e0 titre posthume l\u2019une des figures symboliques de cette mobilisation artistique.<\/p>\n<p>Indignation contre \u201cla passivit\u00e9\u201d du milieu culturel<br \/>\nLa tribune s\u2019insurge \u00e9galement contre l\u2019absence de r\u00e9action de l\u2019Acad\u00e9mie des Oscars apr\u00e8s l\u2019agression du r\u00e9alisateur palestinien Hamdan Ballal, fin mars. Celui-ci avait remport\u00e9 l\u2019Oscar du meilleur documentaire pour \u00ab No Other Land \u00bb, quelques jours avant d\u2019\u00eatre violemment attaqu\u00e9 par des colons isra\u00e9liens en Cisjordanie occup\u00e9e, puis bri\u00e8vement d\u00e9tenu par l\u2019arm\u00e9e isra\u00e9lienne. \u201cUne telle passivit\u00e9 nous fait honte\u201d, \u00e9crivent les signataires.<\/p>\n<p>Dans leur texte, les artistes s\u2019interrogent sur le silence d\u2019un milieu pourtant r\u00e9put\u00e9 pour son engagement : \u201cPourquoi le cin\u00e9ma, vivier d\u2019\u0153uvres sociales, engag\u00e9es, para\u00eet-il se d\u00e9sint\u00e9resser de l\u2019horreur du r\u00e9el, de l\u2019oppression subie par nos cons\u0153urs et confr\u00e8res ?\u201d. Ils appellent \u00e0 un sursaut \u00e9thique : \u201cLe cin\u00e9ma se doit de porter leurs messages\u201d.<\/p>\n<p>Selon un collectif \u00e0 l\u2019origine de la tribune, l\u2019actrice Juliette Binoche, pr\u00e9sidente du jury cannois cette ann\u00e9e, figurait parmi les premiers signataires. Mais son nom ne para\u00eet finalement pas dans la version imprim\u00e9e publi\u00e9e ce mardi par Lib\u00e9ration, alimentant les sp\u00e9culations sur d\u2019\u00e9ventuelles pressions ou r\u00e9ticences \u00e0 assumer publiquement cette position.<\/p>\n<p>Contexte tragique et bilan humain<br \/>\nDepuis l\u2019attaque du Hamas contre Isra\u00ebl le 7 octobre 2023 \u2013 qui a fait 1.218 morts c\u00f4t\u00e9 isra\u00e9lien selon des sources officielles \u2013, les repr\u00e9sailles militaires d\u2019Isra\u00ebl dans la bande de Gaza ont caus\u00e9 la mort de plus de 52.800 personnes, en majorit\u00e9 des civils, selon les donn\u00e9es du minist\u00e8re de la Sant\u00e9 du Hamas, jug\u00e9es cr\u00e9dibles par l\u2019ONU.<\/p>\n<p>Des ONG internationales telles qu\u2019Amnesty International et Human Rights Watch ont accus\u00e9 Isra\u00ebl de commettre des actes de \u201cg\u00e9nocide\u201d \u00e0 Gaza. Des accusations cat\u00e9goriquement rejet\u00e9es par l\u2019\u00c9tat h\u00e9breu, qui les qualifie de \u201cmensonges sans fondement\u201d.<\/p>\n<p>A noter que lors de cette \u00e9dition 2025 du Festival de Cannes, plus d\u2019une centaine de films seront projet\u00e9s jusqu\u2019au 24 mai, date de la remise de la Palme d\u2019or qui succ\u00e9dera \u00e0 \u00ab Anora \u00bb, de l\u2019Am\u00e9ricain Sean Baker.<\/p>\n<p>Vingt-deux films sont en lice, dont \u00ab Jeunes m\u00e8res \u00bb des fr\u00e8res Dardenne, rois belges du cin\u00e9ma social d\u00e9j\u00e0 double-palm\u00e9s, et \u00ab Alpha \u00bb de la Fran\u00e7aise Julia Ducournau, une des sept r\u00e9alisatrices en comp\u00e9tition, qui esp\u00e8re \u00eatre sacr\u00e9e une seconde fois apr\u00e8s \u00ab Titane \u00bb.<\/p>\n<p>The post Cannes : des stars d\u00e9noncent le &#8220;silence&#8221; face au &#8220;g\u00e9nocide&#8221; \u00e0 Gaza appeared first on Hespress Fran\u00e7ais &#8211; Actualit\u00e9s du Maroc.<br \/>\nhttps:\/\/www.msn.com\/fr-xl\/actualite\/other\/cannes-des-stars-d%C3%A9noncent-le-silence-face-au-g%C3%A9nocide-%C3%A0-gaza\/ar-AA1EIsAk?ocid=msedgdhp&#038;pc=U531&#038;cvid=7aaecc3088054c5495a853bd492a9cad&#038;ei=27<\/p>\n","protected":false},"excerpt":{"rendered":"<p>Alors que Cannes 2025 s\u2019est ouvert ce mardi soir sur la Croisette, une tribune sign\u00e9e par plusieurs figures majeures du cin\u00e9ma international vient bousculer l\u2019ambiance glamour d\u2019un des plus grand festival de cin\u00e9ma au monde. Publi\u00e9e lundi dans Lib\u00e9ration, cette d\u00e9claration d\u00e9nonce \u00ab le silence assourdissant \u00bb du monde de la culture face \u00e0 ce &hellip;<\/p>\n","protected":false},"author":2,"featured_media":15734,"comment_status":"open","ping_status":"open","sticky":false,"template":"","format":"standard","meta":{"footnotes":""},"categories":[18,29],"tags":[],"class_list":["post-15733","post","type-post","status-publish","format-standard","has-post-thumbnail","hentry","category-actualites","category-monde"],"_links":{"self":[{"href":"https:\/\/ladepeche.mr\/index.php?rest_route=\/wp\/v2\/posts\/15733","targetHints":{"allow":["GET"]}}],"collection":[{"href":"https:\/\/ladepeche.mr\/index.php?rest_route=\/wp\/v2\/posts"}],"about":[{"href":"https:\/\/ladepeche.mr\/index.php?rest_route=\/wp\/v2\/types\/post"}],"author":[{"embeddable":true,"href":"https:\/\/ladepeche.mr\/index.php?rest_route=\/wp\/v2\/users\/2"}],"replies":[{"embeddable":true,"href":"https:\/\/ladepeche.mr\/index.php?rest_route=%2Fwp%2Fv2%2Fcomments&post=15733"}],"version-history":[{"count":1,"href":"https:\/\/ladepeche.mr\/index.php?rest_route=\/wp\/v2\/posts\/15733\/revisions"}],"predecessor-version":[{"id":15735,"href":"https:\/\/ladepeche.mr\/index.php?rest_route=\/wp\/v2\/posts\/15733\/revisions\/15735"}],"wp:featuredmedia":[{"embeddable":true,"href":"https:\/\/ladepeche.mr\/index.php?rest_route=\/wp\/v2\/media\/15734"}],"wp:attachment":[{"href":"https:\/\/ladepeche.mr\/index.php?rest_route=%2Fwp%2Fv2%2Fmedia&parent=15733"}],"wp:term":[{"taxonomy":"category","embeddable":true,"href":"https:\/\/ladepeche.mr\/index.php?rest_route=%2Fwp%2Fv2%2Fcategories&post=15733"},{"taxonomy":"post_tag","embeddable":true,"href":"https:\/\/ladepeche.mr\/index.php?rest_route=%2Fwp%2Fv2%2Ftags&post=15733"}],"curies":[{"name":"wp","href":"https:\/\/api.w.org\/{rel}","templated":true}]}}