{"id":15736,"date":"2025-05-14T20:50:31","date_gmt":"2025-05-14T20:50:31","guid":{"rendered":"https:\/\/ladepeche.mr\/?p=15736"},"modified":"2025-05-14T20:46:00","modified_gmt":"2025-05-14T20:46:00","slug":"la-fracture-diplomatique-entre-paris-et-alger-se-creuse","status":"publish","type":"post","link":"https:\/\/ladepeche.mr\/?p=15736","title":{"rendered":"La fracture diplomatique entre Paris et Alger se creuse"},"content":{"rendered":"<p>Les relations diplomatiques entre Paris et Alger sont au plus mal. Ce mercredi, le minist\u00e8re des Affaires \u00e9trang\u00e8res, a annonc\u00e9 le renvoi en Alg\u00e9rie de tous les agents titulaires de passeports diplomatiques qui n&#8217;auraient pas actuellement de visa, sans pr\u00e9ciser de nombre.<\/p>\n<p>Le Quai d&#8217;Orsay a confirm\u00e9 la convocation du charg\u00e9 d&#8217;affaires alg\u00e9rien \u00e0 Paris pour d\u00e9noncer la d\u00e9cision d&#8217;Alger d&#8217;expulser des fonctionnaires fran\u00e7ais d&#8217;Alg\u00e9rie. Dans ce nouvel \u00e9pisode de crise diplomatique profonde, dimanche le charg\u00e9 d&#8217;affaires de l&#8217;ambassade de France s&#8217;est vu notifier de nouvelles expulsions de fonctionnaires fran\u00e7ais du territoire alg\u00e9rien.<\/p>\n<p>On pensait l&#8217;axe-Paris Alger r\u00e9tabli apr\u00e8s l&#8217;\u00e9change t\u00e9l\u00e9phonique entre les pr\u00e9sidents Emmanuel Macron et Abdelmadjid Tebboune le 31 mars dernier. Cet appel, confirm\u00e9 par l&#8217;\u00c9lys\u00e9e, devait servir de point de rep\u00e8re pour la relance de la coop\u00e9ration entre les deux Etats. Cependant, les pics diplomatiques, se sont acc\u00e9l\u00e9r\u00e9 ces derni\u00e8res semaines, \u00e0 ce jour les relations sont gel\u00e9es.<br \/>\nhttps:\/\/www.msn.com\/fr-xl\/actualite\/other\/la-fracture-diplomatique-entre-paris-et-alger-se-creuse\/ar-AA1ELSRC?ocid=msedgdhp&#038;pc=U531&#038;cvid=7aaecc3088054c5495a853bd492a9cad&#038;ei=40<\/p>\n","protected":false},"excerpt":{"rendered":"<p>Les relations diplomatiques entre Paris et Alger sont au plus mal. Ce mercredi, le minist\u00e8re des Affaires \u00e9trang\u00e8res, a annonc\u00e9 le renvoi en Alg\u00e9rie de tous les agents titulaires de passeports diplomatiques qui n&#8217;auraient pas actuellement de visa, sans pr\u00e9ciser de nombre. Le Quai d&#8217;Orsay a confirm\u00e9 la convocation du charg\u00e9 d&#8217;affaires alg\u00e9rien \u00e0 Paris &hellip;<\/p>\n","protected":false},"author":2,"featured_media":15737,"comment_status":"open","ping_status":"open","sticky":false,"template":"","format":"standard","meta":{"footnotes":""},"categories":[18,29],"tags":[],"class_list":["post-15736","post","type-post","status-publish","format-standard","has-post-thumbnail","hentry","category-actualites","category-monde"],"_links":{"self":[{"href":"https:\/\/ladepeche.mr\/index.php?rest_route=\/wp\/v2\/posts\/15736","targetHints":{"allow":["GET"]}}],"collection":[{"href":"https:\/\/ladepeche.mr\/index.php?rest_route=\/wp\/v2\/posts"}],"about":[{"href":"https:\/\/ladepeche.mr\/index.php?rest_route=\/wp\/v2\/types\/post"}],"author":[{"embeddable":true,"href":"https:\/\/ladepeche.mr\/index.php?rest_route=\/wp\/v2\/users\/2"}],"replies":[{"embeddable":true,"href":"https:\/\/ladepeche.mr\/index.php?rest_route=%2Fwp%2Fv2%2Fcomments&post=15736"}],"version-history":[{"count":1,"href":"https:\/\/ladepeche.mr\/index.php?rest_route=\/wp\/v2\/posts\/15736\/revisions"}],"predecessor-version":[{"id":15738,"href":"https:\/\/ladepeche.mr\/index.php?rest_route=\/wp\/v2\/posts\/15736\/revisions\/15738"}],"wp:featuredmedia":[{"embeddable":true,"href":"https:\/\/ladepeche.mr\/index.php?rest_route=\/wp\/v2\/media\/15737"}],"wp:attachment":[{"href":"https:\/\/ladepeche.mr\/index.php?rest_route=%2Fwp%2Fv2%2Fmedia&parent=15736"}],"wp:term":[{"taxonomy":"category","embeddable":true,"href":"https:\/\/ladepeche.mr\/index.php?rest_route=%2Fwp%2Fv2%2Fcategories&post=15736"},{"taxonomy":"post_tag","embeddable":true,"href":"https:\/\/ladepeche.mr\/index.php?rest_route=%2Fwp%2Fv2%2Ftags&post=15736"}],"curies":[{"name":"wp","href":"https:\/\/api.w.org\/{rel}","templated":true}]}}