{"id":15741,"date":"2025-05-14T21:43:57","date_gmt":"2025-05-14T21:43:57","guid":{"rendered":"https:\/\/ladepeche.mr\/?p=15741"},"modified":"2025-05-14T21:43:57","modified_gmt":"2025-05-14T21:43:57","slug":"organisation-dun-atelier-de-validation-des-resultats-de-lanalyse-des-depenses-publiques-dans-les-secteurs-agricole-et-alimentaire","status":"publish","type":"post","link":"https:\/\/ladepeche.mr\/?p=15741","title":{"rendered":"Organisation d&#8217;un atelier de validation des r\u00e9sultats de l&#8217;analyse des d\u00e9penses publiques dans les secteurs agricole et alimentaire"},"content":{"rendered":"<p>Le minist\u00e8re de l&#8217;\u00c9conomie et des Finances a organis\u00e9, hier mardi \u00e0 Nouakchott, un atelier sp\u00e9cialis\u00e9 consacr\u00e9 \u00e0 la validation des r\u00e9sultats de l&#8217;analyse des d\u00e9penses publiques allou\u00e9es aux secteurs agricole et alimentaire.  <\/p>\n<p>Cette initiative s&#8217;inscrit dans le cadre de la coop\u00e9ration fructueuse entre la Mauritanie et l&#8217;Organisation des Nations Unies pour l&#8217;alimentation et l&#8217;agriculture (FAO), avec un appui financier et technique de l&#8217;Union europ\u00e9enne.  <\/p>\n<p>L&#8217;atelier vise \u00e0 fournir une revue exhaustive des niveaux et de la structure des d\u00e9penses publiques dans les domaines agricole et alimentaire.  <\/p>\n<p>Y ont pris part des repr\u00e9sentants des diff\u00e9rents minist\u00e8res concern\u00e9s, ainsi que des partenaires financiers et techniques.  <\/p>\n<p>Dans son discours d&#8217;ouverture, le Directeur g\u00e9n\u00e9ral des Politiques et Strat\u00e9gies \u00e9conomiques au minist\u00e8re de l&#8217;\u00c9conomie et des Finances, M. Cheikhna Ould Baddah, a soulign\u00e9 que cet atelier constitue une \u00e9tape importante dans les efforts du gouvernement mauritanien pour renforcer la bonne gouvernance et atteindre les objectifs nationaux en mati\u00e8re de s\u00e9curit\u00e9 alimentaire et de d\u00e9veloppement agricole durable.  <\/p>\n<p>Il a ajout\u00e9 que la rencontre offre une opportunit\u00e9 majeure pour discuter des r\u00e9sultats obtenus et les enrichir gr\u00e2ce aux observations et propositions des participants.  <\/p>\n<p>Pour sa part, le repr\u00e9sentant de la FAO, M. Moussa Ould Maouloud, a mis en avant le caract\u00e8re collectif de cette initiative, qui s\u2019attache \u00e0 ancrer les principes d&#8217;une gouvernance efficace et transparente, fond\u00e9e sur la r\u00e9ponse aux priorit\u00e9s du d\u00e9veloppement durable.  <\/p>\n<p>Les travaux de l\u2019atelier se sont conclus par des sessions d\u00e9di\u00e9es \u00e0 l\u2019examen des r\u00e9sultats de l\u2019\u00e9tude et au partage d\u2019exp\u00e9riences sur les m\u00e9canismes d\u2019am\u00e9lioration de la gestion des d\u00e9penses publiques dans les secteurs en question.<br \/>\nMEF<\/p>\n","protected":false},"excerpt":{"rendered":"<p>Le minist\u00e8re de l&#8217;\u00c9conomie et des Finances a organis\u00e9, hier mardi \u00e0 Nouakchott, un atelier sp\u00e9cialis\u00e9 consacr\u00e9 \u00e0 la validation des r\u00e9sultats de l&#8217;analyse des d\u00e9penses publiques allou\u00e9es aux secteurs agricole et alimentaire. Cette initiative s&#8217;inscrit dans le cadre de la coop\u00e9ration fructueuse entre la Mauritanie et l&#8217;Organisation des Nations Unies pour l&#8217;alimentation et l&#8217;agriculture &hellip;<\/p>\n","protected":false},"author":2,"featured_media":15742,"comment_status":"open","ping_status":"open","sticky":false,"template":"","format":"standard","meta":{"footnotes":""},"categories":[18,2],"tags":[],"class_list":["post-15741","post","type-post","status-publish","format-standard","has-post-thumbnail","hentry","category-actualites","category-economie"],"_links":{"self":[{"href":"https:\/\/ladepeche.mr\/index.php?rest_route=\/wp\/v2\/posts\/15741","targetHints":{"allow":["GET"]}}],"collection":[{"href":"https:\/\/ladepeche.mr\/index.php?rest_route=\/wp\/v2\/posts"}],"about":[{"href":"https:\/\/ladepeche.mr\/index.php?rest_route=\/wp\/v2\/types\/post"}],"author":[{"embeddable":true,"href":"https:\/\/ladepeche.mr\/index.php?rest_route=\/wp\/v2\/users\/2"}],"replies":[{"embeddable":true,"href":"https:\/\/ladepeche.mr\/index.php?rest_route=%2Fwp%2Fv2%2Fcomments&post=15741"}],"version-history":[{"count":1,"href":"https:\/\/ladepeche.mr\/index.php?rest_route=\/wp\/v2\/posts\/15741\/revisions"}],"predecessor-version":[{"id":15743,"href":"https:\/\/ladepeche.mr\/index.php?rest_route=\/wp\/v2\/posts\/15741\/revisions\/15743"}],"wp:featuredmedia":[{"embeddable":true,"href":"https:\/\/ladepeche.mr\/index.php?rest_route=\/wp\/v2\/media\/15742"}],"wp:attachment":[{"href":"https:\/\/ladepeche.mr\/index.php?rest_route=%2Fwp%2Fv2%2Fmedia&parent=15741"}],"wp:term":[{"taxonomy":"category","embeddable":true,"href":"https:\/\/ladepeche.mr\/index.php?rest_route=%2Fwp%2Fv2%2Fcategories&post=15741"},{"taxonomy":"post_tag","embeddable":true,"href":"https:\/\/ladepeche.mr\/index.php?rest_route=%2Fwp%2Fv2%2Ftags&post=15741"}],"curies":[{"name":"wp","href":"https:\/\/api.w.org\/{rel}","templated":true}]}}