{"id":15746,"date":"2025-05-15T17:35:13","date_gmt":"2025-05-15T17:35:13","guid":{"rendered":"https:\/\/ladepeche.mr\/?p=15746"},"modified":"2025-05-15T17:35:13","modified_gmt":"2025-05-15T17:35:13","slug":"la-mauritanie-participe-a-la-troisieme-conference-du-projet-sarep-en-allemagne","status":"publish","type":"post","link":"https:\/\/ladepeche.mr\/?p=15746","title":{"rendered":"La Mauritanie participe \u00e0 la troisi\u00e8me conf\u00e9rence du projet SAREP en Allemagne"},"content":{"rendered":"<p>La Mauritanie a pris part activement \u00e0 la troisi\u00e8me conf\u00e9rence du projet SAREP (Sahara Renaissance Project), tenue du 14 au 15 mai 2025 au campus environnemental de Birkenfeld, en Allemagne, sous le th\u00e8me \u00ab Le d\u00e9collage : vers une verdurisation du d\u00e9sert \u00bb. La d\u00e9l\u00e9gation mauritanienne, conduite par le Secr\u00e9taire g\u00e9n\u00e9ral du minist\u00e8re de l\u2019\u00c9conomie et des Finances, M. Yacoub Ould Ahmed A\u00efcha, et compos\u00e9e de repr\u00e9sentants des diff\u00e9rents secteurs gouvernementaux concern\u00e9s, a pr\u00e9sent\u00e9 des visions ambitieuses ainsi que des expos\u00e9s d\u00e9taill\u00e9s sur les potentialit\u00e9s du projet et son r\u00f4le central dans la r\u00e9alisation du d\u00e9veloppement durable en Mauritanie.  <\/p>\n<p>Les interventions de la d\u00e9l\u00e9gation ont port\u00e9 sur plusieurs axes majeurs, notamment la gestion et la mise en \u0153uvre technique des projets en Mauritanie, le projet SAREP en tant que levier essentiel de d\u00e9veloppement, ainsi que les potentialit\u00e9s de l\u2019hydrog\u00e8ne dans les strat\u00e9gies de valeur ajout\u00e9e en Mauritanie. Les opportunit\u00e9s d\u2019investissement prometteuses offertes par ce projet, ainsi que par l\u2019\u00e9conomie mauritanienne dans son ensemble, ont \u00e9galement \u00e9t\u00e9 mises en avant, parmi d\u2019autres pr\u00e9sentations.  <\/p>\n<p>Par ailleurs, la d\u00e9l\u00e9gation mauritanienne a engag\u00e9 des discussions avec M. Michael Hauer, ministre d\u2019\u00c9tat au minist\u00e8re de la Protection du climat, de l\u2019Environnement et de l\u2019\u00c9nergie du Land de Rh\u00e9nanie-Palatinat, en pr\u00e9sence de plusieurs partenaires et investisseurs participant \u00e0 la conf\u00e9rence. Le c\u00f4t\u00e9 allemand a exprim\u00e9 sa pleine disponibilit\u00e9 \u00e0 soutenir le projet.  <\/p>\n<p>Il convient de noter que cette conf\u00e9rence constitue une plateforme cruciale pour \u00e9valuer les avanc\u00e9es du projet SAREP, d\u00e9finir les prochaines \u00e9tapes et renforcer les partenariats. Ce projet vise \u00e0 \u00e9tablir un syst\u00e8me agroforestier en zone d\u00e9sertique, reposant sur le dessalement de l\u2019eau de mer gr\u00e2ce aux \u00e9nergies renouvelables, afin d\u2019assurer l\u2019approvisionnement en eau pour l\u2019irrigation et l\u2019agriculture. Il ambitionne \u00e9galement de produire de l\u2019hydrog\u00e8ne vert, destin\u00e9 \u00e0 diverses applications industrielles, dont la fabrication locale d\u2019acier, contribuant ainsi au d\u00e9veloppement \u00e9conomique de la Mauritanie.<\/p>\n","protected":false},"excerpt":{"rendered":"<p>La Mauritanie a pris part activement \u00e0 la troisi\u00e8me conf\u00e9rence du projet SAREP (Sahara Renaissance Project), tenue du 14 au 15 mai 2025 au campus environnemental de Birkenfeld, en Allemagne, sous le th\u00e8me \u00ab Le d\u00e9collage : vers une verdurisation du d\u00e9sert \u00bb. La d\u00e9l\u00e9gation mauritanienne, conduite par le Secr\u00e9taire g\u00e9n\u00e9ral du minist\u00e8re de l\u2019\u00c9conomie &hellip;<\/p>\n","protected":false},"author":2,"featured_media":15747,"comment_status":"open","ping_status":"open","sticky":false,"template":"","format":"standard","meta":{"footnotes":""},"categories":[18,21],"tags":[],"class_list":["post-15746","post","type-post","status-publish","format-standard","has-post-thumbnail","hentry","category-actualites","category-fluctuations"],"_links":{"self":[{"href":"https:\/\/ladepeche.mr\/index.php?rest_route=\/wp\/v2\/posts\/15746","targetHints":{"allow":["GET"]}}],"collection":[{"href":"https:\/\/ladepeche.mr\/index.php?rest_route=\/wp\/v2\/posts"}],"about":[{"href":"https:\/\/ladepeche.mr\/index.php?rest_route=\/wp\/v2\/types\/post"}],"author":[{"embeddable":true,"href":"https:\/\/ladepeche.mr\/index.php?rest_route=\/wp\/v2\/users\/2"}],"replies":[{"embeddable":true,"href":"https:\/\/ladepeche.mr\/index.php?rest_route=%2Fwp%2Fv2%2Fcomments&post=15746"}],"version-history":[{"count":1,"href":"https:\/\/ladepeche.mr\/index.php?rest_route=\/wp\/v2\/posts\/15746\/revisions"}],"predecessor-version":[{"id":15748,"href":"https:\/\/ladepeche.mr\/index.php?rest_route=\/wp\/v2\/posts\/15746\/revisions\/15748"}],"wp:featuredmedia":[{"embeddable":true,"href":"https:\/\/ladepeche.mr\/index.php?rest_route=\/wp\/v2\/media\/15747"}],"wp:attachment":[{"href":"https:\/\/ladepeche.mr\/index.php?rest_route=%2Fwp%2Fv2%2Fmedia&parent=15746"}],"wp:term":[{"taxonomy":"category","embeddable":true,"href":"https:\/\/ladepeche.mr\/index.php?rest_route=%2Fwp%2Fv2%2Fcategories&post=15746"},{"taxonomy":"post_tag","embeddable":true,"href":"https:\/\/ladepeche.mr\/index.php?rest_route=%2Fwp%2Fv2%2Ftags&post=15746"}],"curies":[{"name":"wp","href":"https:\/\/api.w.org\/{rel}","templated":true}]}}