{"id":15754,"date":"2025-05-15T19:00:45","date_gmt":"2025-05-15T19:00:45","guid":{"rendered":"https:\/\/ladepeche.mr\/?p=15754"},"modified":"2025-05-15T18:19:17","modified_gmt":"2025-05-15T18:19:17","slug":"mauritanie-15-ans-de-prison-pour-lex-president-abdel-aziz-en-appel","status":"publish","type":"post","link":"https:\/\/ladepeche.mr\/?p=15754","title":{"rendered":"Mauritanie : 15 ans de prison pour l&#8217;ex-pr\u00e9sident Abdel Aziz en appel"},"content":{"rendered":"<p>La Cour d\u2019appel de Nouakchott a eu la main tr\u00e8s lourde contre l\u2019ancien pr\u00e9sident mauritanien Mohamed Ould Abdel Aziz condamn\u00e9 mercredi, \u00e0 une peine de prison de 15 ans ferme, et \u00e0 une amende de 3 millions de dollars. Il a aussi \u00e9t\u00e9 d\u00e9chu de tous ses droits civiques.<br \/>\nL\u2019ex-chef de l\u2019\u00e9tat a \u00e9t\u00e9 reconnu coupable de blanchiment d\u2019argent et d\u2019enrichissement illicite. Il a accumul\u00e9 une fortune de plus de 70 millions de dollars d\u2019actifs pendant son r\u00e8gne \u00e0 la t\u00eate de la Mauritanie selon l\u2019accusation. <\/p>\n<p>Mohamed Ould Abdel Aziz avait \u00e9t\u00e9 condamn\u00e9 \u00e0 5 ans d\u2019emprisonnement initialement. <\/p>\n<p>Il est en prison depuis janvier 2023. Au centre de ses ennuis, le conflit sur la gestion du parti au pouvoir avec son ancien alli\u00e9 et successeur Mohamed Ould Gazouani.<br \/>\nhttps:\/\/www.msn.com\/fr-xl\/actualite\/other\/mauritanie-15-ans-de-prison-pour-l-ex-pr%C3%A9sident-abdel-aziz-en-appel\/ar-AA1EO3pz?ocid=msedgdhp&#038;pc=U531&#038;cvid=80e0b69d36b44437be022e1fb4c68c7f&#038;ei=21<\/p>\n","protected":false},"excerpt":{"rendered":"<p>La Cour d\u2019appel de Nouakchott a eu la main tr\u00e8s lourde contre l\u2019ancien pr\u00e9sident mauritanien Mohamed Ould Abdel Aziz condamn\u00e9 mercredi, \u00e0 une peine de prison de 15 ans ferme, et \u00e0 une amende de 3 millions de dollars. Il a aussi \u00e9t\u00e9 d\u00e9chu de tous ses droits civiques. L\u2019ex-chef de l\u2019\u00e9tat a \u00e9t\u00e9 reconnu &hellip;<\/p>\n","protected":false},"author":2,"featured_media":15755,"comment_status":"open","ping_status":"open","sticky":false,"template":"","format":"standard","meta":{"footnotes":""},"categories":[18,31],"tags":[],"class_list":["post-15754","post","type-post","status-publish","format-standard","has-post-thumbnail","hentry","category-actualites","category-politique-et-reportages"],"_links":{"self":[{"href":"https:\/\/ladepeche.mr\/index.php?rest_route=\/wp\/v2\/posts\/15754","targetHints":{"allow":["GET"]}}],"collection":[{"href":"https:\/\/ladepeche.mr\/index.php?rest_route=\/wp\/v2\/posts"}],"about":[{"href":"https:\/\/ladepeche.mr\/index.php?rest_route=\/wp\/v2\/types\/post"}],"author":[{"embeddable":true,"href":"https:\/\/ladepeche.mr\/index.php?rest_route=\/wp\/v2\/users\/2"}],"replies":[{"embeddable":true,"href":"https:\/\/ladepeche.mr\/index.php?rest_route=%2Fwp%2Fv2%2Fcomments&post=15754"}],"version-history":[{"count":1,"href":"https:\/\/ladepeche.mr\/index.php?rest_route=\/wp\/v2\/posts\/15754\/revisions"}],"predecessor-version":[{"id":15756,"href":"https:\/\/ladepeche.mr\/index.php?rest_route=\/wp\/v2\/posts\/15754\/revisions\/15756"}],"wp:featuredmedia":[{"embeddable":true,"href":"https:\/\/ladepeche.mr\/index.php?rest_route=\/wp\/v2\/media\/15755"}],"wp:attachment":[{"href":"https:\/\/ladepeche.mr\/index.php?rest_route=%2Fwp%2Fv2%2Fmedia&parent=15754"}],"wp:term":[{"taxonomy":"category","embeddable":true,"href":"https:\/\/ladepeche.mr\/index.php?rest_route=%2Fwp%2Fv2%2Fcategories&post=15754"},{"taxonomy":"post_tag","embeddable":true,"href":"https:\/\/ladepeche.mr\/index.php?rest_route=%2Fwp%2Fv2%2Ftags&post=15754"}],"curies":[{"name":"wp","href":"https:\/\/api.w.org\/{rel}","templated":true}]}}