{"id":15757,"date":"2025-05-15T19:30:45","date_gmt":"2025-05-15T19:30:45","guid":{"rendered":"https:\/\/ladepeche.mr\/?p=15757"},"modified":"2025-05-15T18:00:41","modified_gmt":"2025-05-15T18:00:41","slug":"securite-transfrontaliere-le-senegal-et-la-mauritanie-menent-une-patrouille-conjointe-a-dagana","status":"publish","type":"post","link":"https:\/\/ladepeche.mr\/?p=15757","title":{"rendered":"S\u00c9CURIT\u00c9 TRANSFRONTALIERE | Le S\u00e9n\u00e9gal et la Mauritanie m\u00e8nent  une patrouille conjointe \u00e0 Dagana"},"content":{"rendered":"<p>Dans le cadre de la coop\u00e9ration s\u00e9curitaire entre le S\u00e9n\u00e9gal et la Mauritanie, une op\u00e9ration de patrouille mixte a \u00e9t\u00e9 men\u00e9e le mercredi 14 mai 2025 dans le d\u00e9partement de Dagana. Cette initiative vise \u00e0 lutter contre le grand banditisme, le vol de b\u00e9tail et l\u2019immigration clandestine, des fl\u00e9aux qui affectent les zones frontali\u00e8res.<\/p>\n<p>Sous la supervision du lieutenant Diop, les forces de d\u00e9fense et de s\u00e9curit\u00e9 des deux pays ont sillonn\u00e9 plusieurs zones strat\u00e9giques situ\u00e9es en bordure du fleuve S\u00e9n\u00e9gal, notamment Richard-Toll, Mbilor, Gaya et Dagana. Ces patrouilles ont \u00e9t\u00e9 l\u2019occasion d\u2019\u00e9changer avec les populations locales, qui ont salu\u00e9 cette d\u00e9marche conjointe en faveur de la s\u00e9curit\u00e9 et de la stabilit\u00e9.<\/p>\n<p>\u00c0 Dagana, la d\u00e9l\u00e9gation a \u00e9t\u00e9 accueillie par l\u2019adjointe au maire de la commune. Partout o\u00f9 elles sont pass\u00e9es, les forces ont b\u00e9n\u00e9fici\u00e9 d\u2019un accueil chaleureux et d\u2019un soutien affirm\u00e9 des habitants, qui se disent pr\u00eats \u00e0 collaborer pour renforcer la s\u00e9curit\u00e9 dans leur environnement.<\/p>\n<p>\u00c0 travers ces actions, les autorit\u00e9s s\u00e9n\u00e9galaises et mauritaniennes r\u00e9affirment leur volont\u00e9 de faire de la fronti\u00e8re non pas une ligne de s\u00e9paration, mais un espace de solidarit\u00e9, de coop\u00e9ration et de paix, dans un contexte r\u00e9gional marqu\u00e9 par d\u2019importants d\u00e9fis s\u00e9curitaires.<br \/>\nhttps:\/\/www.rts.sn\/actualite\/detail\/a-la-une\/securite-transfrontaliere-le-senegal-et-la-mauritanie-menent-une-patrouille-conjointe-a-dagana<\/p>\n","protected":false},"excerpt":{"rendered":"<p>Dans le cadre de la coop\u00e9ration s\u00e9curitaire entre le S\u00e9n\u00e9gal et la Mauritanie, une op\u00e9ration de patrouille mixte a \u00e9t\u00e9 men\u00e9e le mercredi 14 mai 2025 dans le d\u00e9partement de Dagana. Cette initiative vise \u00e0 lutter contre le grand banditisme, le vol de b\u00e9tail et l\u2019immigration clandestine, des fl\u00e9aux qui affectent les zones frontali\u00e8res. Sous &hellip;<\/p>\n","protected":false},"author":2,"featured_media":15758,"comment_status":"open","ping_status":"open","sticky":false,"template":"","format":"standard","meta":{"footnotes":""},"categories":[18,29],"tags":[],"class_list":["post-15757","post","type-post","status-publish","format-standard","has-post-thumbnail","hentry","category-actualites","category-monde"],"_links":{"self":[{"href":"https:\/\/ladepeche.mr\/index.php?rest_route=\/wp\/v2\/posts\/15757","targetHints":{"allow":["GET"]}}],"collection":[{"href":"https:\/\/ladepeche.mr\/index.php?rest_route=\/wp\/v2\/posts"}],"about":[{"href":"https:\/\/ladepeche.mr\/index.php?rest_route=\/wp\/v2\/types\/post"}],"author":[{"embeddable":true,"href":"https:\/\/ladepeche.mr\/index.php?rest_route=\/wp\/v2\/users\/2"}],"replies":[{"embeddable":true,"href":"https:\/\/ladepeche.mr\/index.php?rest_route=%2Fwp%2Fv2%2Fcomments&post=15757"}],"version-history":[{"count":1,"href":"https:\/\/ladepeche.mr\/index.php?rest_route=\/wp\/v2\/posts\/15757\/revisions"}],"predecessor-version":[{"id":15759,"href":"https:\/\/ladepeche.mr\/index.php?rest_route=\/wp\/v2\/posts\/15757\/revisions\/15759"}],"wp:featuredmedia":[{"embeddable":true,"href":"https:\/\/ladepeche.mr\/index.php?rest_route=\/wp\/v2\/media\/15758"}],"wp:attachment":[{"href":"https:\/\/ladepeche.mr\/index.php?rest_route=%2Fwp%2Fv2%2Fmedia&parent=15757"}],"wp:term":[{"taxonomy":"category","embeddable":true,"href":"https:\/\/ladepeche.mr\/index.php?rest_route=%2Fwp%2Fv2%2Fcategories&post=15757"},{"taxonomy":"post_tag","embeddable":true,"href":"https:\/\/ladepeche.mr\/index.php?rest_route=%2Fwp%2Fv2%2Ftags&post=15757"}],"curies":[{"name":"wp","href":"https:\/\/api.w.org\/{rel}","templated":true}]}}