{"id":15761,"date":"2025-05-15T18:18:19","date_gmt":"2025-05-15T18:18:19","guid":{"rendered":"https:\/\/ladepeche.mr\/?p=15761"},"modified":"2025-05-15T18:18:19","modified_gmt":"2025-05-15T18:18:19","slug":"benyamin-netanyahou-intensifie-les-bombardement-sur-la-bande-de-gaza-indifferent-aux-pressions-internationales","status":"publish","type":"post","link":"https:\/\/ladepeche.mr\/?p=15761","title":{"rendered":"Benyamin N\u00e9tanyahou intensifie les bombardement sur la bande de Gaza, indiff\u00e9rent aux pressions internationales"},"content":{"rendered":"<p>Le premier ministre isra\u00e9lien a vertement r\u00e9agi aux propos d\u2019Emmanuel Macron, qui a qualifi\u00e9 d\u2019\u00ab inacceptable \u00bb l\u2019action de l\u2019Etat h\u00e9breu, en l\u2019accusant de se ranger du c\u00f4t\u00e9 du Hamas. Les bombardements sur l\u2019enclave palestinienne se sont intensifi\u00e9s et un nouvel ordre d\u2019\u00e9vacuation de la ville de Gaza a \u00e9t\u00e9 \u00e9mis.<br \/>\nLes pressions internationales sur Isra\u00ebl, qui ont atteint ces derniers jours une intensit\u00e9 in\u00e9dite depuis le d\u00e9but de la guerre \u00e0 Gaza en octobre 2023, ne semblent pas pr\u00e8s de faire reculer Benyamin N\u00e9tanyahou. Alors que le pr\u00e9sident fran\u00e7ais, Emmanuel Macron, a qualifi\u00e9 le comportement de son gouvernement d\u2019\u00ab inacceptable \u00bb, que le premier ministre espagnol, Pedro Sanchez, a d\u00e9clar\u00e9 que son pays \u00ab ne fai[sai]t pas de commerce avec un Etat g\u00e9nocidaire \u00bb, et que m\u00eame Donald Trump prend ses distances avec lui, le premier ministre de l\u2019Etat h\u00e9breu n\u2019entend pas d\u00e9vier du plan qu\u2019il s\u2019est fix\u00e9.<br \/>\nLundi 12 mai, quand il avait accept\u00e9 d\u2019envoyer une d\u00e9l\u00e9gation isra\u00e9lienne au Qatar pour reprendre les pourparlers avec le Hamas, M. N\u00e9tanyahou avait pr\u00e9venu que \u00ab les n\u00e9gociations ne se d\u00e9rouler[aie]nt que sous le feu \u00bb. Il a tenu parole. Selon la d\u00e9fense civile de Gaza, pr\u00e8s de 80 Palestiniens ont \u00e9t\u00e9 tu\u00e9s, mercredi 14 mai, sous les bombardements isra\u00e9liens, et jeudi, en d\u00e9but de matin\u00e9e, le bilan des frappes s\u2019\u00e9levait d\u00e9j\u00e0 \u00e0 50 morts. Selon le site isra\u00e9lien ind\u00e9pendant HaMakom, 80 % des pr\u00e8s de 3 000 Palestiniens tu\u00e9s depuis la rupture du cessez-le-feu par Isra\u00ebl, le 18 mars, sont des enfants&#8230;<br \/>\nLire la suite sur https:\/\/www.lemonde.fr\/international\/article\/2025\/05\/15\/gaza-benyamin-netanyahou-indifferent-aux-pressions-internationales_6606197_3210.html<\/p>\n","protected":false},"excerpt":{"rendered":"<p>Le premier ministre isra\u00e9lien a vertement r\u00e9agi aux propos d\u2019Emmanuel Macron, qui a qualifi\u00e9 d\u2019\u00ab inacceptable \u00bb l\u2019action de l\u2019Etat h\u00e9breu, en l\u2019accusant de se ranger du c\u00f4t\u00e9 du Hamas. Les bombardements sur l\u2019enclave palestinienne se sont intensifi\u00e9s et un nouvel ordre d\u2019\u00e9vacuation de la ville de Gaza a \u00e9t\u00e9 \u00e9mis. Les pressions internationales sur &hellip;<\/p>\n","protected":false},"author":2,"featured_media":15762,"comment_status":"open","ping_status":"open","sticky":false,"template":"","format":"standard","meta":{"footnotes":""},"categories":[18,29],"tags":[],"class_list":["post-15761","post","type-post","status-publish","format-standard","has-post-thumbnail","hentry","category-actualites","category-monde"],"_links":{"self":[{"href":"https:\/\/ladepeche.mr\/index.php?rest_route=\/wp\/v2\/posts\/15761","targetHints":{"allow":["GET"]}}],"collection":[{"href":"https:\/\/ladepeche.mr\/index.php?rest_route=\/wp\/v2\/posts"}],"about":[{"href":"https:\/\/ladepeche.mr\/index.php?rest_route=\/wp\/v2\/types\/post"}],"author":[{"embeddable":true,"href":"https:\/\/ladepeche.mr\/index.php?rest_route=\/wp\/v2\/users\/2"}],"replies":[{"embeddable":true,"href":"https:\/\/ladepeche.mr\/index.php?rest_route=%2Fwp%2Fv2%2Fcomments&post=15761"}],"version-history":[{"count":1,"href":"https:\/\/ladepeche.mr\/index.php?rest_route=\/wp\/v2\/posts\/15761\/revisions"}],"predecessor-version":[{"id":15763,"href":"https:\/\/ladepeche.mr\/index.php?rest_route=\/wp\/v2\/posts\/15761\/revisions\/15763"}],"wp:featuredmedia":[{"embeddable":true,"href":"https:\/\/ladepeche.mr\/index.php?rest_route=\/wp\/v2\/media\/15762"}],"wp:attachment":[{"href":"https:\/\/ladepeche.mr\/index.php?rest_route=%2Fwp%2Fv2%2Fmedia&parent=15761"}],"wp:term":[{"taxonomy":"category","embeddable":true,"href":"https:\/\/ladepeche.mr\/index.php?rest_route=%2Fwp%2Fv2%2Fcategories&post=15761"},{"taxonomy":"post_tag","embeddable":true,"href":"https:\/\/ladepeche.mr\/index.php?rest_route=%2Fwp%2Fv2%2Ftags&post=15761"}],"curies":[{"name":"wp","href":"https:\/\/api.w.org\/{rel}","templated":true}]}}