{"id":15794,"date":"2025-05-17T12:00:19","date_gmt":"2025-05-17T12:00:19","guid":{"rendered":"https:\/\/ladepeche.mr\/?p=15794"},"modified":"2025-05-17T12:01:26","modified_gmt":"2025-05-17T12:01:26","slug":"ouverture-du-34e-sommet-ordinaire-de-la-ligue-arabe-a-bagdad","status":"publish","type":"post","link":"https:\/\/ladepeche.mr\/?p=15794","title":{"rendered":"Ouverture du 34e sommet ordinaire de la Ligue arabe \u00e0 Bagdad"},"content":{"rendered":"<p>Il s&#8217;agit du quatri\u00e8me sommet accueilli par l\u2019Irak au niveau des chefs d\u2019\u00c9tat depuis le lancement des sommets arabes ordinaires et extraordinaires en 1946.<br \/>\nLe 34e sommet ordinaire de la Ligue arabe s\u2019est ouvert samedi dans la capitale irakienne, Bagdad, sous le slogan : &#8220;Dialogue, solidarit\u00e9 et d\u00e9veloppement&#8221;, avec la question palestinienne en t\u00eate de l\u2019ordre du jour.<\/p>\n<p>La rencontre se tient au Palais du Gouvernement de Bagdad. Il s&#8217;agit du quatri\u00e8me sommet arabe accueilli par l&#8217;Irak au niveau des chefs d&#8217;\u00c9tat depuis le lancement des sommets ordinaires et extraordinaires de la Ligue arabe en 1946.<\/p>\n<p>Parmi les dirigeants pr\u00e9sents figurent l\u2019\u00e9mir du Qatar, Cheikh Tamim ben Hamad Al Thani, les pr\u00e9sidents \u00e9gyptien Abdel Fattah al-Sissi, palestinien Mahmoud Abbas, et somalien Hassan Sheikh Mohamoud, entre autres.<\/p>\n<p>Le Premier ministre jordanien, Jaafar Hassan, repr\u00e9sente le roi Abdallah II, tandis que le chef du gouvernement libanais, Nawaf Salam, assiste au sommet au nom du pr\u00e9sident Joseph Aoun.<\/p>\n<p>Le secr\u00e9taire g\u00e9n\u00e9ral de l\u2019ONU, Ant\u00f3nio Guterres, est \u00e9galement pr\u00e9sent, tout comme le Premier ministre espagnol, Pedro S\u00e1nchez, en tant qu\u2019invit\u00e9 d\u2019honneur, aux c\u00f4t\u00e9s de repr\u00e9sentants d\u2019organisations internationales et r\u00e9gionales.<\/p>\n<p>Les ministres arabes des Affaires \u00e9trang\u00e8res avaient approuv\u00e9 jeudi les points inscrits \u00e0 l\u2019ordre du jour du sommet, la question palestinienne figurant en priorit\u00e9 parmi cinq dossiers et cinq initiatives.<\/p>\n<p>Ce sommet se tient dans un contexte r\u00e9gional tendu, marqu\u00e9 notamment par la guerre d\u2019extermination que m\u00e8ne Isra\u00ebl dans la bande de Gaza depuis maintenant vingt mois, ainsi que par d&#8217;autres crises r\u00e9gionales, notamment en Syrie, au Liban et au Soudan.<br \/>\na.com.tr<\/p>\n","protected":false},"excerpt":{"rendered":"<p>Il s&#8217;agit du quatri\u00e8me sommet accueilli par l\u2019Irak au niveau des chefs d\u2019\u00c9tat depuis le lancement des sommets arabes ordinaires et extraordinaires en 1946. Le 34e sommet ordinaire de la Ligue arabe s\u2019est ouvert samedi dans la capitale irakienne, Bagdad, sous le slogan : &#8220;Dialogue, solidarit\u00e9 et d\u00e9veloppement&#8221;, avec la question palestinienne en t\u00eate de &hellip;<\/p>\n","protected":false},"author":2,"featured_media":15795,"comment_status":"open","ping_status":"open","sticky":false,"template":"","format":"standard","meta":{"footnotes":""},"categories":[18,29],"tags":[],"class_list":["post-15794","post","type-post","status-publish","format-standard","has-post-thumbnail","hentry","category-actualites","category-monde"],"_links":{"self":[{"href":"https:\/\/ladepeche.mr\/index.php?rest_route=\/wp\/v2\/posts\/15794","targetHints":{"allow":["GET"]}}],"collection":[{"href":"https:\/\/ladepeche.mr\/index.php?rest_route=\/wp\/v2\/posts"}],"about":[{"href":"https:\/\/ladepeche.mr\/index.php?rest_route=\/wp\/v2\/types\/post"}],"author":[{"embeddable":true,"href":"https:\/\/ladepeche.mr\/index.php?rest_route=\/wp\/v2\/users\/2"}],"replies":[{"embeddable":true,"href":"https:\/\/ladepeche.mr\/index.php?rest_route=%2Fwp%2Fv2%2Fcomments&post=15794"}],"version-history":[{"count":1,"href":"https:\/\/ladepeche.mr\/index.php?rest_route=\/wp\/v2\/posts\/15794\/revisions"}],"predecessor-version":[{"id":15796,"href":"https:\/\/ladepeche.mr\/index.php?rest_route=\/wp\/v2\/posts\/15794\/revisions\/15796"}],"wp:featuredmedia":[{"embeddable":true,"href":"https:\/\/ladepeche.mr\/index.php?rest_route=\/wp\/v2\/media\/15795"}],"wp:attachment":[{"href":"https:\/\/ladepeche.mr\/index.php?rest_route=%2Fwp%2Fv2%2Fmedia&parent=15794"}],"wp:term":[{"taxonomy":"category","embeddable":true,"href":"https:\/\/ladepeche.mr\/index.php?rest_route=%2Fwp%2Fv2%2Fcategories&post=15794"},{"taxonomy":"post_tag","embeddable":true,"href":"https:\/\/ladepeche.mr\/index.php?rest_route=%2Fwp%2Fv2%2Ftags&post=15794"}],"curies":[{"name":"wp","href":"https:\/\/api.w.org\/{rel}","templated":true}]}}