{"id":15797,"date":"2025-05-17T13:10:51","date_gmt":"2025-05-17T13:10:51","guid":{"rendered":"https:\/\/ladepeche.mr\/?p=15797"},"modified":"2025-05-17T12:15:16","modified_gmt":"2025-05-17T12:15:16","slug":"poutine-annonce-que-le-premier-sommet-russo-arabe-se-tiendra-le-15-octobre","status":"publish","type":"post","link":"https:\/\/ladepeche.mr\/?p=15797","title":{"rendered":"Poutine annonce que le premier sommet russo-arabe se tiendra le 15 octobre"},"content":{"rendered":"<p>Le pr\u00e9sident russe invite les dirigeants de tous les \u00c9tats membres de la Ligue arabe \u00e0 participer \u00e0 l\u2019\u00e9v\u00e9nement.<br \/>\nLe pr\u00e9sident russe Vladimir Poutine a annonc\u00e9 samedi que Moscou organiserait le premier sommet russo-arabe le 15 octobre.<\/p>\n<p>Dans un message publi\u00e9 sur le site du Kremlin \u00e0 l&#8217;occasion de l&#8217;ouverture de la 34e session du sommet de la Ligue arabe, Poutine a officiellement invit\u00e9 les dirigeants de tous les \u00c9tats membres de la Ligue \u00e0 participer \u00e0 l&#8217;\u00e9v\u00e9nement.<\/p>\n<p>Le pr\u00e9sident russe a soulign\u00e9 la volont\u00e9 de son pays de maintenir et d\u2019\u00e9largir un dialogue constructif avec la Ligue arabe, ainsi que de renforcer les relations amicales avec l\u2019ensemble de ses membres.<\/p>\n<p>&#8220;J\u2019invite cordialement tous les dirigeants des \u00c9tats membres de votre estim\u00e9e organisation, ainsi que le Secr\u00e9taire g\u00e9n\u00e9ral de la Ligue arabe, \u00e0 participer au premier sommet russo-arabe que nous comptons organiser le 15 octobre&#8221;, a d\u00e9clar\u00e9 Poutine.<\/p>\n<p>Il s\u2019est dit convaincu que ce sommet contribuera \u00e0 renforcer de mani\u00e8re significative une coop\u00e9ration multilat\u00e9rale mutuellement avantageuse entre les deux parties, favorisant ainsi la paix, la s\u00e9curit\u00e9 et la stabilit\u00e9 au Moyen-Orient et en Afrique du Nord.<br \/>\naa.com.tr<\/p>\n","protected":false},"excerpt":{"rendered":"<p>Le pr\u00e9sident russe invite les dirigeants de tous les \u00c9tats membres de la Ligue arabe \u00e0 participer \u00e0 l\u2019\u00e9v\u00e9nement. Le pr\u00e9sident russe Vladimir Poutine a annonc\u00e9 samedi que Moscou organiserait le premier sommet russo-arabe le 15 octobre. Dans un message publi\u00e9 sur le site du Kremlin \u00e0 l&#8217;occasion de l&#8217;ouverture de la 34e session du &hellip;<\/p>\n","protected":false},"author":2,"featured_media":15798,"comment_status":"open","ping_status":"open","sticky":false,"template":"","format":"standard","meta":{"footnotes":""},"categories":[18,29],"tags":[],"class_list":["post-15797","post","type-post","status-publish","format-standard","has-post-thumbnail","hentry","category-actualites","category-monde"],"_links":{"self":[{"href":"https:\/\/ladepeche.mr\/index.php?rest_route=\/wp\/v2\/posts\/15797","targetHints":{"allow":["GET"]}}],"collection":[{"href":"https:\/\/ladepeche.mr\/index.php?rest_route=\/wp\/v2\/posts"}],"about":[{"href":"https:\/\/ladepeche.mr\/index.php?rest_route=\/wp\/v2\/types\/post"}],"author":[{"embeddable":true,"href":"https:\/\/ladepeche.mr\/index.php?rest_route=\/wp\/v2\/users\/2"}],"replies":[{"embeddable":true,"href":"https:\/\/ladepeche.mr\/index.php?rest_route=%2Fwp%2Fv2%2Fcomments&post=15797"}],"version-history":[{"count":1,"href":"https:\/\/ladepeche.mr\/index.php?rest_route=\/wp\/v2\/posts\/15797\/revisions"}],"predecessor-version":[{"id":15799,"href":"https:\/\/ladepeche.mr\/index.php?rest_route=\/wp\/v2\/posts\/15797\/revisions\/15799"}],"wp:featuredmedia":[{"embeddable":true,"href":"https:\/\/ladepeche.mr\/index.php?rest_route=\/wp\/v2\/media\/15798"}],"wp:attachment":[{"href":"https:\/\/ladepeche.mr\/index.php?rest_route=%2Fwp%2Fv2%2Fmedia&parent=15797"}],"wp:term":[{"taxonomy":"category","embeddable":true,"href":"https:\/\/ladepeche.mr\/index.php?rest_route=%2Fwp%2Fv2%2Fcategories&post=15797"},{"taxonomy":"post_tag","embeddable":true,"href":"https:\/\/ladepeche.mr\/index.php?rest_route=%2Fwp%2Fv2%2Ftags&post=15797"}],"curies":[{"name":"wp","href":"https:\/\/api.w.org\/{rel}","templated":true}]}}