{"id":15800,"date":"2025-05-17T12:40:58","date_gmt":"2025-05-17T12:40:58","guid":{"rendered":"https:\/\/ladepeche.mr\/?p=15800"},"modified":"2025-05-17T12:19:25","modified_gmt":"2025-05-17T12:19:25","slug":"le-premier-contingent-des-pelerins-mauritaniens-se-rend-aux-lieux-saints-de-lislam","status":"publish","type":"post","link":"https:\/\/ladepeche.mr\/?p=15800","title":{"rendered":"Le premier contingent des p\u00e8lerins mauritaniens se rend aux Lieux Saints de l\u2019Islam"},"content":{"rendered":"<p>Le premier contingent de p\u00e8lerins mauritaniens a quitt\u00e9 samedi matin l\u2019a\u00e9roport international de Nouakchott \u00ab Oumtounsy \u00bb \u00e0 destination des lieux saints en Arabie Saoudite pour accomplir les rituels du Hajj pour cette ann\u00e9e 1446 de l\u2019H\u00e9gire\/2025.<\/p>\n<p>Les 420 p\u00e8lerins ont \u00e9t\u00e9 salu\u00e9s \u00e0 leur d\u00e9part par le ministre des Affaires islamiques et de l\u2019Enseignement originel, Sidi Yahya Cheikhna Lemrabott, le secr\u00e9taire g\u00e9n\u00e9ral du minist\u00e8re, Beitallah Ould Ahmed Lessouad, et S.E.l\u2019ambassadeur du Royaume d\u2019Arabie saoudite dans notre pays, Dr Abdelaziz bin Abdullah Al-Raqabi.<\/p>\n<p>Le ministre des Affaires Islamiques et de l\u2019Enseignement Originel et la d\u00e9l\u00e9gation qui l\u2019accompagne ont fait le tour des p\u00e8lerins de ce premier contingent \u00e0 l\u2019int\u00e9rieur de l\u2019avion et ont \u00e9cout\u00e9 leurs commentaires sur les mesures prises.<\/p>\n<p>Dans une d\u00e9claration \u00e0 l\u2019Agence mauritanienne d\u2019information, le ministre des Affaires islamiques et de l\u2019Enseignement originel a expliqu\u00e9 qu\u2019il est venu se rassurer et s\u2019informer sur les conditions dans lesquelles voyagent les p\u00e8lerins.<\/p>\n<p>Il a indiqu\u00e9 que les instructions n\u00e9cessaires ont \u00e9t\u00e9 donn\u00e9es par Son Excellence le Pr\u00e9sident de la R\u00e9publique M. Mohamed Ould Cheikh El Ghazouani pour que le Hajj de cette ann\u00e9e soit organis\u00e9 selon les proc\u00e9dures, les dispositions et la transparence n\u00e9cessaires, notant que le Hajj de cette ann\u00e9e a connu pour la premi\u00e8re fois des am\u00e9liorations, notamment une r\u00e9duction du co\u00fbt du p\u00e8lerinage et du transport.<\/p>\n<p>Il a ajout\u00e9 que les p\u00e8lerins de cette ann\u00e9e seront log\u00e9s dans des h\u00f4tels confortables \u00e0 proximit\u00e9 des deux saintes mosqu\u00e9es.<\/p>\n<p>Le ministre a remerci\u00e9 l\u2019ambassadeur saoudien en Mauritanie, le S.E. Dr Abdelaziz bin Abdullah Al-Raqabi, de sa pr\u00e9sence et, \u00e0 travers lui, le Royaume d\u2019Arabie saoudite pour les efforts consentis afin que l\u2019organisation du Hajj de cette ann\u00e9e soit un v\u00e9ritable succ\u00e8s.<\/p>\n<p>Le ministre a exhort\u00e9 les p\u00e8lerins \u00e0 se conformer aux r\u00e8gles, dispositions et proc\u00e9dures en vigueur dans ce domaine et \u00e0 renforcer le prestige dont jouit la Mauritanie dans le Royaume fr\u00e8re d\u2019Arabie Saoudite.<\/p>\n<p>Pour sa part, le directeur g\u00e9n\u00e9ral adjoint de l\u2019Agence nationale de l\u2019aviation civile (ANAC), M. Baba Ahmed Ould Mohamed Ould Baba Ahmed, a expliqu\u00e9 que les avions transportant les p\u00e8lerins, appartenant \u00e0 la compagnie a\u00e9rienne saoudienne et leurs ateliers de maintenance ont \u00e9t\u00e9 inspect\u00e9s par les inspecteurs de s\u00e9curit\u00e9 de l\u2019ANAC.<\/p>\n<p>Il a soulign\u00e9 que les sept contingents pr\u00e9vus seront entour\u00e9s de tous les soins et de toutes les attentions dans le domaine du transport a\u00e9rien pour s\u00e9curiser ces vols.<\/p>\n<p>Lors de cette visite, le ministre \u00e9tait accompagn\u00e9 d\u2019un certain nombre de responsables de son d\u00e9partement.<br \/>\nAmi<\/p>\n","protected":false},"excerpt":{"rendered":"<p>Le premier contingent de p\u00e8lerins mauritaniens a quitt\u00e9 samedi matin l\u2019a\u00e9roport international de Nouakchott \u00ab Oumtounsy \u00bb \u00e0 destination des lieux saints en Arabie Saoudite pour accomplir les rituels du Hajj pour cette ann\u00e9e 1446 de l\u2019H\u00e9gire\/2025. Les 420 p\u00e8lerins ont \u00e9t\u00e9 salu\u00e9s \u00e0 leur d\u00e9part par le ministre des Affaires islamiques et de l\u2019Enseignement &hellip;<\/p>\n","protected":false},"author":2,"featured_media":15801,"comment_status":"open","ping_status":"open","sticky":false,"template":"","format":"standard","meta":{"footnotes":""},"categories":[18],"tags":[],"class_list":["post-15800","post","type-post","status-publish","format-standard","has-post-thumbnail","hentry","category-actualites"],"_links":{"self":[{"href":"https:\/\/ladepeche.mr\/index.php?rest_route=\/wp\/v2\/posts\/15800","targetHints":{"allow":["GET"]}}],"collection":[{"href":"https:\/\/ladepeche.mr\/index.php?rest_route=\/wp\/v2\/posts"}],"about":[{"href":"https:\/\/ladepeche.mr\/index.php?rest_route=\/wp\/v2\/types\/post"}],"author":[{"embeddable":true,"href":"https:\/\/ladepeche.mr\/index.php?rest_route=\/wp\/v2\/users\/2"}],"replies":[{"embeddable":true,"href":"https:\/\/ladepeche.mr\/index.php?rest_route=%2Fwp%2Fv2%2Fcomments&post=15800"}],"version-history":[{"count":1,"href":"https:\/\/ladepeche.mr\/index.php?rest_route=\/wp\/v2\/posts\/15800\/revisions"}],"predecessor-version":[{"id":15802,"href":"https:\/\/ladepeche.mr\/index.php?rest_route=\/wp\/v2\/posts\/15800\/revisions\/15802"}],"wp:featuredmedia":[{"embeddable":true,"href":"https:\/\/ladepeche.mr\/index.php?rest_route=\/wp\/v2\/media\/15801"}],"wp:attachment":[{"href":"https:\/\/ladepeche.mr\/index.php?rest_route=%2Fwp%2Fv2%2Fmedia&parent=15800"}],"wp:term":[{"taxonomy":"category","embeddable":true,"href":"https:\/\/ladepeche.mr\/index.php?rest_route=%2Fwp%2Fv2%2Fcategories&post=15800"},{"taxonomy":"post_tag","embeddable":true,"href":"https:\/\/ladepeche.mr\/index.php?rest_route=%2Fwp%2Fv2%2Ftags&post=15800"}],"curies":[{"name":"wp","href":"https:\/\/api.w.org\/{rel}","templated":true}]}}