{"id":15816,"date":"2025-05-17T19:15:42","date_gmt":"2025-05-17T19:15:42","guid":{"rendered":"https:\/\/ladepeche.mr\/?p=15816"},"modified":"2025-05-17T19:15:42","modified_gmt":"2025-05-17T19:15:42","slug":"le-sommet-de-la-ligue-arabe-appelle-a-une-pression-internationale-pour-stopper-leffusion-de-sang-a-gaza","status":"publish","type":"post","link":"https:\/\/ladepeche.mr\/?p=15816","title":{"rendered":"Le sommet de la Ligue arabe appelle \u00e0 une pression internationale pour \u00abstopper l\u2019effusion de sang\u00bb \u00e0 Gaza"},"content":{"rendered":"<p>R\u00e9unis \u00e0 Bagdad, les dirigeants arabes ont lanc\u00e9 un appel urgent \u00e0 la communaut\u00e9 internationale pour faire pression sur Isra\u00ebl afin de mettre fin \u00e0 l\u2019offensive en cours \u00e0 Gaza. Ils ont \u00e9galement r\u00e9it\u00e9r\u00e9 leur soutien \u00e0 un vaste plan de reconstruction du territoire palestinien, dot\u00e9 de 53 milliards de dollars.<\/p>\n<p>Le sommet de la Ligue arabe organis\u00e9 ce 17 mai \u00e0 Bagdad a exhort\u00e9 la communaut\u00e9 internationale \u00e0 \u00ab stopper l\u2019effusion de sang \u00bb dans la bande de Gaza, cible d\u2019une intensification de l\u2019offensive isra\u00e9lienne. Dans leur communiqu\u00e9 final, les chefs d\u2019\u00c9tat arabes ont appel\u00e9 les pays disposant d\u2019une influence dans la r\u00e9gion \u00e0 \u00ab assumer leurs responsabilit\u00e9s morale et juridique \u00bb pour mettre un terme aux violences et garantir l\u2019acheminement de l\u2019aide humanitaire d\u2019urgence dans l\u2019enclave palestinienne.<\/p>\n<p>Au-del\u00e0 de l\u2019appel \u00e0 la d\u00e9sescalade, le sommet a r\u00e9affirm\u00e9 son engagement envers le plan arabe de reconstruction de Gaza, pr\u00e9sent\u00e9 en mars dernier au Caire. Ce programme ambitieux pr\u00e9voit un fonds de 53 milliards de dollars sur cinq ans, destin\u00e9 \u00e0 reb\u00e2tir les infrastructures d\u00e9truites et \u00e0 soutenir les populations civiles. Les dirigeants arabes ont exhort\u00e9 les \u00c9tats et institutions financi\u00e8res, tant r\u00e9gionales qu\u2019internationales, \u00e0 contribuer rapidement \u00e0 son financement.<\/p>\n<p>Le sommet a enfin salu\u00e9 la lev\u00e9e des sanctions am\u00e9ricaines contre la Syrie, annonc\u00e9e cette semaine par le pr\u00e9sident des \u00c9tats-Unis Donald Trump, y voyant un signal politique \u00e0 m\u00eame de favoriser la stabilisation r\u00e9gionale.<\/p>\n<p>Antonio Guterres : \u00ab Un cessez-le-feu permanent, maintenant \u00bb<\/p>\n<p>Lors de son discours \u00e0 Bagdad, le secr\u00e9taire g\u00e9n\u00e9ral de l\u2019ONU, Antonio Guterres, a r\u00e9clam\u00e9 un cessez-le-feu permanent \u00e0 Gaza, se disant \u00ab alarm\u00e9 \u00bb par l\u2019annonce d\u2019une intensification de l\u2019offensive isra\u00e9lienne. Le chef de l\u2019ONU a d\u00e9nonc\u00e9 le blocus de Gaza, exig\u00e9 l\u2019acc\u00e8s libre de l\u2019aide humanitaire et rejet\u00e9 toute forme de d\u00e9placement forc\u00e9 des Palestiniens. Selon lui, la communaut\u00e9 internationale ne peut rester passive face \u00e0 ce qu\u2019il qualifie de violations graves du droit international humanitaire.<\/p>\n<p>Abdel Fattah Al-Sissi : \u00ab Sans \u00c9tat palestinien, pas de paix \u00bb<\/p>\n<p>Le pr\u00e9sident \u00e9gyptien Abdel Fattah Al-Sissi a affirm\u00e9 qu\u2019aucune paix durable n\u2019\u00e9tait possible au Moyen-Orient sans la cr\u00e9ation d\u2019un \u00c9tat palestinien. Il a appel\u00e9 Donald Trump \u00e0 faire pression sur Isra\u00ebl, tout en d\u00e9non\u00e7ant l\u2019usage de la faim comme arme de guerre et les politiques r\u00e9pressives en Cisjordanie. Selon lui, la cause palestinienne traverse un moment critique, marqu\u00e9 par des d\u00e9portations massives, des assassinats cibl\u00e9s et une destruction syst\u00e9matique des infrastructures.<\/p>\n<p>Pedro Sanchez : \u00ab L\u2019Espagne saisira la Cour internationale de justice \u00bb<\/p>\n<p>De son c\u00f4t\u00e9, le Premier ministre espagnol Pedro Sanchez a plaid\u00e9 pour une pression accrue sur Isra\u00ebl afin de faire cesser le massacre \u00e0 Gaza. Il a annonc\u00e9 que l\u2019Espagne soumettrait une proposition \u00e0 l\u2019Assembl\u00e9e g\u00e9n\u00e9rale de l\u2019ONU pour saisir la Cour internationale de justice au sujet de l\u2019acc\u00e8s humanitaire \u00e0 Gaza. Il a \u00e9galement \u00e9voqu\u00e9 un projet de r\u00e9solution visant \u00e0 lever le blocus. Selon lui, le droit international doit \u00eatre le levier de l\u2019action collective.<\/p>\n<p>Ahmed Aboul Gheit : \u00ab L\u2019arabit\u00e9 comme rempart face aux ing\u00e9rences \u00bb<\/p>\n<p>Lors de son allocution, le secr\u00e9taire g\u00e9n\u00e9ral de la Ligue arabe, Ahmed Aboul Gheit, a soulign\u00e9 les d\u00e9fis s\u00e9curitaires et g\u00e9opolitiques qui p\u00e8sent sur le monde arabe, souvent cibl\u00e9 par des puissances ext\u00e9rieures. En c\u00e9l\u00e9brant les 80 ans de la Ligue, il a insist\u00e9 sur la n\u00e9cessit\u00e9 de revitaliser le concept de s\u00e9curit\u00e9 nationale arabe. Pour lui, malgr\u00e9 les bouleversements r\u00e9gionaux, la Ligue reste un cadre essentiel de solidarit\u00e9 face aux menaces qui fragilisent l\u2019unit\u00e9 et la souverainet\u00e9 arabes.<\/p>\n<p>https:\/\/francais.rt.com\/international\/120861-sommet-ligue-arabe-appelle-pression-stopper-effusion-sang-gaza\/amp<\/p>\n","protected":false},"excerpt":{"rendered":"<p>R\u00e9unis \u00e0 Bagdad, les dirigeants arabes ont lanc\u00e9 un appel urgent \u00e0 la communaut\u00e9 internationale pour faire pression sur Isra\u00ebl afin de mettre fin \u00e0 l\u2019offensive en cours \u00e0 Gaza. Ils ont \u00e9galement r\u00e9it\u00e9r\u00e9 leur soutien \u00e0 un vaste plan de reconstruction du territoire palestinien, dot\u00e9 de 53 milliards de dollars. Le sommet de la &hellip;<\/p>\n","protected":false},"author":2,"featured_media":15795,"comment_status":"open","ping_status":"open","sticky":false,"template":"","format":"standard","meta":{"footnotes":""},"categories":[18,29],"tags":[],"class_list":["post-15816","post","type-post","status-publish","format-standard","has-post-thumbnail","hentry","category-actualites","category-monde"],"_links":{"self":[{"href":"https:\/\/ladepeche.mr\/index.php?rest_route=\/wp\/v2\/posts\/15816","targetHints":{"allow":["GET"]}}],"collection":[{"href":"https:\/\/ladepeche.mr\/index.php?rest_route=\/wp\/v2\/posts"}],"about":[{"href":"https:\/\/ladepeche.mr\/index.php?rest_route=\/wp\/v2\/types\/post"}],"author":[{"embeddable":true,"href":"https:\/\/ladepeche.mr\/index.php?rest_route=\/wp\/v2\/users\/2"}],"replies":[{"embeddable":true,"href":"https:\/\/ladepeche.mr\/index.php?rest_route=%2Fwp%2Fv2%2Fcomments&post=15816"}],"version-history":[{"count":1,"href":"https:\/\/ladepeche.mr\/index.php?rest_route=\/wp\/v2\/posts\/15816\/revisions"}],"predecessor-version":[{"id":15817,"href":"https:\/\/ladepeche.mr\/index.php?rest_route=\/wp\/v2\/posts\/15816\/revisions\/15817"}],"wp:featuredmedia":[{"embeddable":true,"href":"https:\/\/ladepeche.mr\/index.php?rest_route=\/wp\/v2\/media\/15795"}],"wp:attachment":[{"href":"https:\/\/ladepeche.mr\/index.php?rest_route=%2Fwp%2Fv2%2Fmedia&parent=15816"}],"wp:term":[{"taxonomy":"category","embeddable":true,"href":"https:\/\/ladepeche.mr\/index.php?rest_route=%2Fwp%2Fv2%2Fcategories&post=15816"},{"taxonomy":"post_tag","embeddable":true,"href":"https:\/\/ladepeche.mr\/index.php?rest_route=%2Fwp%2Fv2%2Ftags&post=15816"}],"curies":[{"name":"wp","href":"https:\/\/api.w.org\/{rel}","templated":true}]}}