{"id":15818,"date":"2025-05-17T19:37:04","date_gmt":"2025-05-17T19:37:04","guid":{"rendered":"https:\/\/ladepeche.mr\/?p=15818"},"modified":"2025-05-17T19:37:04","modified_gmt":"2025-05-17T19:37:04","slug":"sommet-arabe-la-rim-denonce-une-guerre-daneantissement-et-des-crimes-contre-lhumanite","status":"publish","type":"post","link":"https:\/\/ladepeche.mr\/?p=15818","title":{"rendered":"Sommet arabe: la RIM d\u00e9nonce \u00ab\u00a0une guerre d\u2019an\u00e9antissement\u00a0\u00bb et \u00ab\u00a0des crimes contre l\u2019humanit\u00e9\u00a0\u00bb"},"content":{"rendered":"<p>La Mauritanie a d\u00e9nonc\u00e9 samedi \u00e0 l\u2019ouverture de la 34session ordinaire de la Ligue Arabe, organis\u00e9e \u00e0 Bagdad (Irak) la persistance d\u2019une \u00ab\u00a0guerre totale d\u2019an\u00e9antissement\u00a0\u00bb et des \u00ab\u00a0crimes contre l\u2019humanit\u00e9\u00a0\u00bb commis par Isra\u00e9l \u00e0 Gaza alors que la communaut\u00e9 internationale se r\u00e9v\u00e8le \u00ab\u00a0incapable jusqu\u2019\u00e0 pr\u00e9sent d\u2019imposer un cessez-le-feu permanent ou d\u2019apporter l\u2019aide humanitaire n\u00e9cessaire au peuple palestinien sinistr\u00e9.\u00a0\u00bb<br \/>\nLe discours prononc\u00e9 lors de cette r\u00e9union, au nom du pr\u00e9sident Ghazouani, par le ministre des Affaires \u00e9trang\u00e8res, de la Coop\u00e9ration africaine et des Mauritaniens de l\u2019ext\u00e9rieur, Mohamed Salem Ould Merzoug \u00e9tait aussi l\u2019occasion d\u2019appeler la communaut\u00e9 internationale \u00e0 assurer \u00ab\u00a0la protection des civils palestiniens\u00a0\u00bb \u00e0 favoriser une paix bas\u00e9e reconnaissant aux palestiniens leur droit \u00e0 un \u00ab\u00a0\u00c9tat ind\u00e9pendant sur les fronti\u00e8res du 4 juin 1967, avec El Qods-Est pour capitale.\u00a0\u00bb.<br \/>\n\u00c0 noter qu\u2019un communiqu\u00e9 du sommet arabe a r\u00e9it\u00e9r\u00e9 l\u2019appel \u00e0 mettre fin aux exactions et au g\u00e9nocide isra\u00e9lien contre les palestiniens et \u00e0 la lev\u00e9e de embargo oppos\u00e9 par l\u2019Etat h\u00e9breu \u00e0 l\u2019acc\u00e8s de la nourriture \u00e0 plus de deux millions d\u2019habitants dans l\u2019enclave palestinienne dont les enfants sont les premi\u00e8res victimes.<\/p>\n","protected":false},"excerpt":{"rendered":"<p>La Mauritanie a d\u00e9nonc\u00e9 samedi \u00e0 l\u2019ouverture de la 34session ordinaire de la Ligue Arabe, organis\u00e9e \u00e0 Bagdad (Irak) la persistance d\u2019une \u00ab\u00a0guerre totale d\u2019an\u00e9antissement\u00a0\u00bb et des \u00ab\u00a0crimes contre l\u2019humanit\u00e9\u00a0\u00bb commis par Isra\u00e9l \u00e0 Gaza alors que la communaut\u00e9 internationale se r\u00e9v\u00e8le \u00ab\u00a0incapable jusqu\u2019\u00e0 pr\u00e9sent d\u2019imposer un cessez-le-feu permanent ou d\u2019apporter l\u2019aide humanitaire n\u00e9cessaire au &hellip;<\/p>\n","protected":false},"author":2,"featured_media":15819,"comment_status":"open","ping_status":"open","sticky":false,"template":"","format":"standard","meta":{"footnotes":""},"categories":[18,29],"tags":[],"class_list":["post-15818","post","type-post","status-publish","format-standard","has-post-thumbnail","hentry","category-actualites","category-monde"],"_links":{"self":[{"href":"https:\/\/ladepeche.mr\/index.php?rest_route=\/wp\/v2\/posts\/15818","targetHints":{"allow":["GET"]}}],"collection":[{"href":"https:\/\/ladepeche.mr\/index.php?rest_route=\/wp\/v2\/posts"}],"about":[{"href":"https:\/\/ladepeche.mr\/index.php?rest_route=\/wp\/v2\/types\/post"}],"author":[{"embeddable":true,"href":"https:\/\/ladepeche.mr\/index.php?rest_route=\/wp\/v2\/users\/2"}],"replies":[{"embeddable":true,"href":"https:\/\/ladepeche.mr\/index.php?rest_route=%2Fwp%2Fv2%2Fcomments&post=15818"}],"version-history":[{"count":1,"href":"https:\/\/ladepeche.mr\/index.php?rest_route=\/wp\/v2\/posts\/15818\/revisions"}],"predecessor-version":[{"id":15820,"href":"https:\/\/ladepeche.mr\/index.php?rest_route=\/wp\/v2\/posts\/15818\/revisions\/15820"}],"wp:featuredmedia":[{"embeddable":true,"href":"https:\/\/ladepeche.mr\/index.php?rest_route=\/wp\/v2\/media\/15819"}],"wp:attachment":[{"href":"https:\/\/ladepeche.mr\/index.php?rest_route=%2Fwp%2Fv2%2Fmedia&parent=15818"}],"wp:term":[{"taxonomy":"category","embeddable":true,"href":"https:\/\/ladepeche.mr\/index.php?rest_route=%2Fwp%2Fv2%2Fcategories&post=15818"},{"taxonomy":"post_tag","embeddable":true,"href":"https:\/\/ladepeche.mr\/index.php?rest_route=%2Fwp%2Fv2%2Ftags&post=15818"}],"curies":[{"name":"wp","href":"https:\/\/api.w.org\/{rel}","templated":true}]}}