{"id":15821,"date":"2025-05-19T09:30:51","date_gmt":"2025-05-19T09:30:51","guid":{"rendered":"https:\/\/ladepeche.mr\/?p=15821"},"modified":"2025-05-18T21:37:41","modified_gmt":"2025-05-18T21:37:41","slug":"la-syrie-remercie-sa-majeste-le-roi-mohammed-vi-pour-la-reouverture-de-lambassade-du-maroc-a-damas","status":"publish","type":"post","link":"https:\/\/ladepeche.mr\/?p=15821","title":{"rendered":"La Syrie remercie Sa Majest\u00e9 le Roi Mohammed VI pour la r\u00e9ouverture de l&#8217;ambassade du Maroc \u00e0 Damas"},"content":{"rendered":"<p>Bagdad &#8211; Le ministre syrien des Affaires \u00e9trang\u00e8res, AssaadAl-Chaibani, a exprim\u00e9, samedi, les remerciements et la gratitude de son pays pour la d\u00e9cision de Sa Majest\u00e9 le Roi Mohammed VI d\u2019ouvrir l&#8217;ambassade du Maroc \u00e0 Damas.<\/p>\n<p>Dans une d\u00e9claration \u00e0 la presse en marge de ses entretiens avec le ministre des Affaires \u00e9trang\u00e8res, de la Coop\u00e9ration africaine et des Marocains r\u00e9sidant \u00e0 l\u2019\u00e9tranger, Nasser Bourita, le chef de la diplomatie syrienne a qualifi\u00e9 de &#8220;tr\u00e8s bonnes&#8221; les relations entre le Maroc et la Syrie.<\/p>\n<p>&#8220;Nous remercions Sa Majest\u00e9 le Roi et le gouvernement marocain pour l\u2019int\u00e9r\u00eat accord\u00e9 au d\u00e9veloppement de ces relations que nous aspirons \u00e0 rendre distingu\u00e9es sur le plan \u00e9conomique et en mati\u00e8re d\u2019investissements dans le monde arabe&#8221;, a-t-il soulign\u00e9.<\/p>\n<p>Pour sa part, M. Bourita a r\u00e9it\u00e9r\u00e9, lors de cette entrevue, la D\u00e9cision de Sa Majest\u00e9 le Roi Mohammed VI annonc\u00e9e dans le discours adress\u00e9 par le Souverain au 34e Sommet Arabe, dont les travaux se sont d\u00e9roul\u00e9s samedi \u00e0 Bagdad.<\/p>\n<p>Dans Son discours, Sa Majest\u00e9 le Roi a annonc\u00e9 la d\u00e9cision du Royaume portant sur la r\u00e9ouverture de son ambassade \u00e0 Damas, ferm\u00e9e en 2012, soulignant que &#8220;ce pas permettra d\u2019ouvrir de plus larges perspectives dans les relations historiques entre nos deux pays et nos deux peuples&#8221;.<\/p>\n<p>A cette occasion, le Souverain a r\u00e9affirm\u00e9 la position historique immuable du Royaume du Maroc vis-\u00e0-vis de la Syrie, exprim\u00e9e auparavant dans la lettre adress\u00e9e par Sa Majest\u00e9 le Roi au Pr\u00e9sident Ahmed Acharaa, faisant part du soutien au peuple syrien fr\u00e8re dans sa qu\u00eate de libert\u00e9, de s\u00e9curit\u00e9 et de stabilit\u00e9, ainsi que de l\u2019attachement \u00e0 la pr\u00e9servation de la souverainet\u00e9 nationale et de l\u2019int\u00e9grit\u00e9 territoriale de la Syrie.<\/p>\n<p>Dans le cadre de la mise en \u0153uvre de la D\u00e9cision Royale, M. Bourita a fait savoir qu&#8217;une d\u00e9l\u00e9gation technique se rendra la semaine prochaine en Syrie pour faire le point sur les pr\u00e9paratifs li\u00e9s \u00e0 l\u2019ouverture de l\u2019ambassade, qui servira de canal de communication et de coordination dans les divers domaines.<\/p>\n<p>De son c\u00f4t\u00e9, M. Al-Chaibani a \u00e9galement annonc\u00e9 l\u2019envoi d\u2019une \u00e9quipe technique pour l\u2019ouverture de l\u2019ambassade de Syrie \u00e0 Rabat, ce qui marque ainsi une normalisation compl\u00e8te des relations diplomatiques entre les deux pays.<\/p>\n<p>(m\u00e9dias)<\/p>\n","protected":false},"excerpt":{"rendered":"<p>Bagdad &#8211; Le ministre syrien des Affaires \u00e9trang\u00e8res, AssaadAl-Chaibani, a exprim\u00e9, samedi, les remerciements et la gratitude de son pays pour la d\u00e9cision de Sa Majest\u00e9 le Roi Mohammed VI d\u2019ouvrir l&#8217;ambassade du Maroc \u00e0 Damas. Dans une d\u00e9claration \u00e0 la presse en marge de ses entretiens avec le ministre des Affaires \u00e9trang\u00e8res, de la &hellip;<\/p>\n","protected":false},"author":2,"featured_media":15822,"comment_status":"open","ping_status":"open","sticky":false,"template":"","format":"standard","meta":{"footnotes":""},"categories":[18,29],"tags":[],"class_list":["post-15821","post","type-post","status-publish","format-standard","has-post-thumbnail","hentry","category-actualites","category-monde"],"_links":{"self":[{"href":"https:\/\/ladepeche.mr\/index.php?rest_route=\/wp\/v2\/posts\/15821","targetHints":{"allow":["GET"]}}],"collection":[{"href":"https:\/\/ladepeche.mr\/index.php?rest_route=\/wp\/v2\/posts"}],"about":[{"href":"https:\/\/ladepeche.mr\/index.php?rest_route=\/wp\/v2\/types\/post"}],"author":[{"embeddable":true,"href":"https:\/\/ladepeche.mr\/index.php?rest_route=\/wp\/v2\/users\/2"}],"replies":[{"embeddable":true,"href":"https:\/\/ladepeche.mr\/index.php?rest_route=%2Fwp%2Fv2%2Fcomments&post=15821"}],"version-history":[{"count":1,"href":"https:\/\/ladepeche.mr\/index.php?rest_route=\/wp\/v2\/posts\/15821\/revisions"}],"predecessor-version":[{"id":15823,"href":"https:\/\/ladepeche.mr\/index.php?rest_route=\/wp\/v2\/posts\/15821\/revisions\/15823"}],"wp:featuredmedia":[{"embeddable":true,"href":"https:\/\/ladepeche.mr\/index.php?rest_route=\/wp\/v2\/media\/15822"}],"wp:attachment":[{"href":"https:\/\/ladepeche.mr\/index.php?rest_route=%2Fwp%2Fv2%2Fmedia&parent=15821"}],"wp:term":[{"taxonomy":"category","embeddable":true,"href":"https:\/\/ladepeche.mr\/index.php?rest_route=%2Fwp%2Fv2%2Fcategories&post=15821"},{"taxonomy":"post_tag","embeddable":true,"href":"https:\/\/ladepeche.mr\/index.php?rest_route=%2Fwp%2Fv2%2Ftags&post=15821"}],"curies":[{"name":"wp","href":"https:\/\/api.w.org\/{rel}","templated":true}]}}