{"id":15827,"date":"2025-05-19T13:39:15","date_gmt":"2025-05-19T13:39:15","guid":{"rendered":"https:\/\/ladepeche.mr\/?p=15827"},"modified":"2025-05-19T13:39:15","modified_gmt":"2025-05-19T13:39:15","slug":"gaza-chariots-de-gideon-massacres-et-deportations","status":"publish","type":"post","link":"https:\/\/ladepeche.mr\/?p=15827","title":{"rendered":"Gaza\/chariots de Gideon:  massacres et d\u00e9portations"},"content":{"rendered":"<p class=\"p1\">Dans l\u2019indiff\u00e9rence de la communaut\u00e9 internationale, Gaza compte ses morts. Femmes, hommes et enfants, victimes par milliers. Gaza se mue petit \u00e0 petit en une vaste fosse commune dont Isra\u00ebl tente de nettoyer les citoyens morts ou vifs.<\/p>\n<p class=\"p3\"><span class=\"s2\">Les masques tombent un \u00e0 un avec des intentions coloniales clairement annonc\u00e9es par Isra\u00ebl \u00e0 Gaza. Mais il ne fait plus l\u2019ombre d\u2019un doute que l\u2019ennemi des palestiniens n\u2019est plus seulement le criminel de guerre B. Netanyahou \u00e2prement recherch\u00e9 par la Cour P\u00e9nale Internationale afin de r\u00e9pondre de ses monstrueux crimes et qui continue inlassablement \u00e0 d\u00e9cimer les populations civiles sous le regard bien veillant de gouvernements occidentaux tous passibles de proc\u00e8s pour connivence dans ces crimes contre l\u2019humanit\u00e9.<\/span><\/p>\n<p class=\"p3\"><span class=\"s2\">Le spectre des responsabilit\u00e9s s\u2019\u00e9largit, en effet, \u00e0 360 degr\u00e9s pour cerner des dirigeants du monde dont certains pays occidentaux qui livrent toujours au boucher de Gaza finances, armes et munitions pour exterminer en masse une population qui n\u2019a d\u2019autre choix que de mourir ensevelie sous les d\u00e9combres de sa ville.<\/span><\/p>\n<p class=\"p3\"><span class=\"s2\">Tout semble trac\u00e9 dans le sillage de l\u2019\u00e9rection 1948<span class=\"Apple-converted-space\">\u00a0 <\/span>de l\u2019entit\u00e9 fasciste sioniste sur les terres palestiniennes avec encore et toujours la complicit\u00e9 de l\u2019Occident qui cherche \u00e0 se racheter de sa responsable historique dans la Shoah qu\u2019il a g\u00e9n\u00e9r\u00e9e et abrit\u00e9e pendant la guerre 1939-45. <\/span><\/p>\n<p class=\"p3\"><span class=\"s2\">Si au lendemain de cette pers\u00e9cution des juifs dans le monde, la chasse a \u00e9t\u00e9 faite contre les nazis et leurs collabos jusqu\u2019\u00e0 l\u2019organisation du retentissant proc\u00e8s de Nuremberg pour demander des comptes aux nazis d\u00e9faits, l\u2019on devrait \u00eatre en droit d\u2019en r\u00e9clamer un autre pour confronter le r\u00e9gime de l\u2019extr\u00eame droite isra\u00e9lien sanguinaire pour son g\u00e9nocide \u00e0 Gaza. \u00c0 moins que comme l\u2019invoquent, \u00e0 visages d\u00e9couverts les id\u00e9ologues racistes isra\u00e9liens: \u00abtuons ces palestiniens, ce ne sont que des animaux\u00a0\u00bb. <\/span><\/p>\n<p class=\"p3\"><span class=\"s2\">Les auteurs de ces assertions racistes contre les arabes sont encore fra\u00eeches dans les gueules de dirigeants isra\u00e9liens re\u00e7us en grandes pompes par les officiels occidentaux. Il se pourrait m\u00eame que c\u2019est aussi le sentiment -parfois r\u00e9prim\u00e9- contre les citoyens occidentaux que les supr\u00e9macistes isra\u00e9liens regardent aussi de haut. Les sionistes isra\u00e9liens eux au moins ne se cachent pas d\u2019assumer leur sordide id\u00e9ologie et de cracher au passage sur les chr\u00e9tiens du monde.<\/span><\/p>\n<p class=\"p3\"><span class=\"s2\">Usurpant les drames et les pogromes contre les juifs, les sionistes isra\u00e9liens tentent d\u2019entretenir la confusion pour perp\u00e9tuer leurs id\u00e9aux d\u00e9magogues massacrant et affamant deux millions d\u2019habitants \u00e0 Gaza dans l\u2019unique objectif d\u2019une expansion coloniale qui dure depuis 1948 et malgr\u00e9 l\u2019offre de paix des palestiniens. Une offre de paix pour deux \u00c9tats vivant c\u00f4te \u00e0 c\u00f4te qui en 1993 a eu pour cons\u00e9quence l\u2019assassinat par l\u2019extr\u00eame droite isra\u00e9lienne du premier ministre isra\u00e9lien Y. Rabbin qui avait assum\u00e9 le choix de la Paix. <\/span><\/p>\n<p class=\"p3\"><span class=\"s2\">L\u2019espoir de paix malgr\u00e9 les concessions palestiniennes a \u00e9t\u00e9 rel\u00e9gu\u00e9 aux oubliettes. Pire, Isra\u00ebl avec l\u2019arriv\u00e9e aux commandes de Benyamin Netanyahou au pouvoir en 1995 a transf\u00e9r\u00e9 les portions de terre palestiniennes en des prisons \u00e0 ciel ouvert o\u00f9 il contr\u00f4le les moindres d\u00e9tails de la vie des palestiniens les gavant chaque jour d\u2019assassinats et de frustrations. Avec l\u2019assentiment d\u2019alli\u00e9s occidentaux. Une \u00e9bullition qui ne pouvait que d\u00e9boucher sur l\u2019attaque du 7 octobre. Plusieurs analystes estiment d\u2019ailleurs que l\u2019aboutissement \u00e9tait souhait\u00e9 par l\u2019extr\u00eame droite fasciste isra\u00e9lienne pour s\u2019en donner \u00e0 c\u0153ur joie \u00e0 un d\u00e9peuplement par d\u00e9portations des autochtones. Il s\u2019agit donc de r\u00e9\u00e9diter l\u2019occupation de 1948 mais 2025. La derni\u00e8re offensive isra\u00e9lienne annonc\u00e9e, \u00ab les chariots de Guedon \u00bb\u00a0<\/span><\/p>\n<p class=\"p3\"><span class=\"s2\">Depuis 19 mois aujourd\u2019hui, avec le soutien politique et militaire de pays occidentaux dont les premi\u00e8res loges sont l\u2019Allemagne, la Grande Bretagne, la France. Une t\u00eate de file qui tire l\u2019UE dans sa vassalit\u00e9 impos\u00e9e par les lobbies pro-sionistes. Une Europe affaiblie, d\u00e9pendante des USA et entretenue dans un complexe d\u2019antis\u00e9mitisme. C\u2019est dans cet environnement mondial qu\u2019une vaste op\u00e9ration de nettoyage ethnique se d\u00e9ploie sous nos yeux. Des massacres que l\u2019on pensait d\u2019une autre \u00e9poque. Sto\u00efque, Gaza compte ses morts mais doit aussi faire face<span class=\"Apple-converted-space\">\u00a0 <\/span>au plan de l\u2019an\u00e9antissement de ses populations par la faim. Isra\u00ebl pourrait enterrer tous les palestiniens mais elle ne camouflera sans doute jamais, ni d\u2019ailleurs ses soutiens, la responsabilit\u00e9 d\u2019un g\u00e9nocide tournant en boucle.<\/span><\/p>\n<p class=\"p3\"><span class=\"s2\">La r\u00e9alit\u00e9 am\u00e8re aujourd\u2019hui est que ceux comme l\u2019UE, d\u2019habitude si prompts \u00e0 porter l\u2019\u00e9tendard des valeurs humanistes et d\u00e9mocratiques, ne sont pas capables de prendre les mesures que leur imposent la morale et le droit international. \u00c0 Gaza, ils sont souvent \u00e0 leur encontre quand ils ne sont pas impliqu\u00e9s dans l\u2019approvisionnement des assassins d\u2019enfants. <\/span><\/p>\n<p class=\"p3\"><span class=\"s2\">JD<\/span><\/p>\n","protected":false},"excerpt":{"rendered":"<p>Dans l\u2019indiff\u00e9rence de la communaut\u00e9 internationale, Gaza compte ses morts. Femmes, hommes et enfants, victimes par milliers. Gaza se mue petit \u00e0 petit en une vaste fosse commune dont Isra\u00ebl tente de nettoyer les citoyens morts ou vifs. Les masques tombent un \u00e0 un avec des intentions coloniales clairement annonc\u00e9es par Isra\u00ebl \u00e0 Gaza. Mais &hellip;<\/p>\n","protected":false},"author":2,"featured_media":15829,"comment_status":"open","ping_status":"open","sticky":false,"template":"","format":"standard","meta":{"footnotes":""},"categories":[18,29],"tags":[],"class_list":["post-15827","post","type-post","status-publish","format-standard","has-post-thumbnail","hentry","category-actualites","category-monde"],"_links":{"self":[{"href":"https:\/\/ladepeche.mr\/index.php?rest_route=\/wp\/v2\/posts\/15827","targetHints":{"allow":["GET"]}}],"collection":[{"href":"https:\/\/ladepeche.mr\/index.php?rest_route=\/wp\/v2\/posts"}],"about":[{"href":"https:\/\/ladepeche.mr\/index.php?rest_route=\/wp\/v2\/types\/post"}],"author":[{"embeddable":true,"href":"https:\/\/ladepeche.mr\/index.php?rest_route=\/wp\/v2\/users\/2"}],"replies":[{"embeddable":true,"href":"https:\/\/ladepeche.mr\/index.php?rest_route=%2Fwp%2Fv2%2Fcomments&post=15827"}],"version-history":[{"count":2,"href":"https:\/\/ladepeche.mr\/index.php?rest_route=\/wp\/v2\/posts\/15827\/revisions"}],"predecessor-version":[{"id":15831,"href":"https:\/\/ladepeche.mr\/index.php?rest_route=\/wp\/v2\/posts\/15827\/revisions\/15831"}],"wp:featuredmedia":[{"embeddable":true,"href":"https:\/\/ladepeche.mr\/index.php?rest_route=\/wp\/v2\/media\/15829"}],"wp:attachment":[{"href":"https:\/\/ladepeche.mr\/index.php?rest_route=%2Fwp%2Fv2%2Fmedia&parent=15827"}],"wp:term":[{"taxonomy":"category","embeddable":true,"href":"https:\/\/ladepeche.mr\/index.php?rest_route=%2Fwp%2Fv2%2Fcategories&post=15827"},{"taxonomy":"post_tag","embeddable":true,"href":"https:\/\/ladepeche.mr\/index.php?rest_route=%2Fwp%2Fv2%2Ftags&post=15827"}],"curies":[{"name":"wp","href":"https:\/\/api.w.org\/{rel}","templated":true}]}}