{"id":15835,"date":"2025-05-19T14:19:41","date_gmt":"2025-05-19T14:19:41","guid":{"rendered":"https:\/\/ladepeche.mr\/?p=15835"},"modified":"2025-05-19T14:19:41","modified_gmt":"2025-05-19T14:19:41","slug":"politique-arrestation-de-lancien-ministre-seyidna-ali-ould-mohamed-khouna","status":"publish","type":"post","link":"https:\/\/ladepeche.mr\/?p=15835","title":{"rendered":"Politique : arrestation de l\u2019ancien ministre Seyidna Ali Ould Mohamed Khouna"},"content":{"rendered":"<p>Seyidna Ali Ould Mohamed Khouna, ancien Ministre de la Fonction Publique, du Travail et de la Modernisation de l\u2019Administration, a \u00e9t\u00e9 arr\u00eat\u00e9 par la police tard dans la nuit du dimanche 18 mai 2025, \u00e0 Nouakchott, rapportent des m\u00e9dias locaux.<\/p>\n<p>Secr\u00e9taire g\u00e9n\u00e9ral du Parti unioniste social-d\u00e9mocrate, cet ancien ministre est consid\u00e9r\u00e9 comme l\u2019un des plus proches soutiens de l\u2019ancien pr\u00e9sident, Mohamed Ould Abdel Aziz, qui a \u00e9t\u00e9 condamn\u00e9 la semaine derni\u00e8re, \u00e0 15 ans de prison ferme.<\/p>\n<p>Seyidna Ali Ould Mohamed Khouna fut pr\u00e9sident du comit\u00e9 directeur du parti au pouvoir en Mauritanie (UPR).<br \/>\ncridem<\/p>\n","protected":false},"excerpt":{"rendered":"<p>Seyidna Ali Ould Mohamed Khouna, ancien Ministre de la Fonction Publique, du Travail et de la Modernisation de l\u2019Administration, a \u00e9t\u00e9 arr\u00eat\u00e9 par la police tard dans la nuit du dimanche 18 mai 2025, \u00e0 Nouakchott, rapportent des m\u00e9dias locaux. Secr\u00e9taire g\u00e9n\u00e9ral du Parti unioniste social-d\u00e9mocrate, cet ancien ministre est consid\u00e9r\u00e9 comme l\u2019un des plus &hellip;<\/p>\n","protected":false},"author":2,"featured_media":15795,"comment_status":"open","ping_status":"open","sticky":false,"template":"","format":"standard","meta":{"footnotes":""},"categories":[18,31],"tags":[],"class_list":["post-15835","post","type-post","status-publish","format-standard","has-post-thumbnail","hentry","category-actualites","category-politique-et-reportages"],"_links":{"self":[{"href":"https:\/\/ladepeche.mr\/index.php?rest_route=\/wp\/v2\/posts\/15835","targetHints":{"allow":["GET"]}}],"collection":[{"href":"https:\/\/ladepeche.mr\/index.php?rest_route=\/wp\/v2\/posts"}],"about":[{"href":"https:\/\/ladepeche.mr\/index.php?rest_route=\/wp\/v2\/types\/post"}],"author":[{"embeddable":true,"href":"https:\/\/ladepeche.mr\/index.php?rest_route=\/wp\/v2\/users\/2"}],"replies":[{"embeddable":true,"href":"https:\/\/ladepeche.mr\/index.php?rest_route=%2Fwp%2Fv2%2Fcomments&post=15835"}],"version-history":[{"count":1,"href":"https:\/\/ladepeche.mr\/index.php?rest_route=\/wp\/v2\/posts\/15835\/revisions"}],"predecessor-version":[{"id":15837,"href":"https:\/\/ladepeche.mr\/index.php?rest_route=\/wp\/v2\/posts\/15835\/revisions\/15837"}],"wp:featuredmedia":[{"embeddable":true,"href":"https:\/\/ladepeche.mr\/index.php?rest_route=\/wp\/v2\/media\/15795"}],"wp:attachment":[{"href":"https:\/\/ladepeche.mr\/index.php?rest_route=%2Fwp%2Fv2%2Fmedia&parent=15835"}],"wp:term":[{"taxonomy":"category","embeddable":true,"href":"https:\/\/ladepeche.mr\/index.php?rest_route=%2Fwp%2Fv2%2Fcategories&post=15835"},{"taxonomy":"post_tag","embeddable":true,"href":"https:\/\/ladepeche.mr\/index.php?rest_route=%2Fwp%2Fv2%2Ftags&post=15835"}],"curies":[{"name":"wp","href":"https:\/\/api.w.org\/{rel}","templated":true}]}}