{"id":15845,"date":"2025-05-19T18:26:57","date_gmt":"2025-05-19T18:26:57","guid":{"rendered":"https:\/\/ladepeche.mr\/?p=15845"},"modified":"2025-05-19T18:26:57","modified_gmt":"2025-05-19T18:26:57","slug":"la-television-espagnole-defie-leurovision-avec-le-soutien-a-ghaza","status":"publish","type":"post","link":"https:\/\/ladepeche.mr\/?p=15845","title":{"rendered":"La t\u00e9l\u00e9vision espagnole d\u00e9fie l\u2019Eurovision avec le soutien \u00e0 Ghaza"},"content":{"rendered":"<div>\n<div class=\"cols-a has-module-article\">\n<div class=\"module-article\">\n<p class=\"continue-read-break\" data-t=\"{&quot;n&quot;:&quot;blueLinks&quot;,&quot;t&quot;:13,&quot;a&quot;:&quot;click&quot;,&quot;b&quot;:76}\">La t\u00e9l\u00e9vision publique espagnole a mis au d\u00e9fi samedi l\u2019organisme responsable de l\u2019Eurovision, qui l\u2019avait somm\u00e9e de cesser ses r\u00e9f\u00e9rences \u00e0 l\u2019offensive \u00e0 Ghaza sous menace de sanctions, en diffusant un message de soutien aux Palestiniens avant sa retransmission de l\u2019\u00e9v\u00e8nement. \u00ab S\u2019agissant des droits de l\u2019homme, le silence n\u2019est pas une option. Paix et justice pour la Palestine\u00bb, a \u00e9crit en blanc sur fond noir le groupe de radio et t\u00e9l\u00e9vision RTVE, dans un message en espagnol et en anglais, quelques secondes avant le d\u00e9but officiel du concours de chanson. Ce court texte fait office de r\u00e9ponse \u00e0 l\u2019Union europ\u00e9enne de radio-t\u00e9l\u00e9vision (UER), organisateur de l\u2019Eurovision, qui avait demand\u00e9 au groupe public de ne pas r\u00e9it\u00e9rer ses r\u00e9f\u00e9rences \u00e0 la guerre \u00e0 Ghaza durant sa retransmission de la finale samedi soir, sous peine d\u2019\u00abamendes punitives\u00bb. Dans un courrier r\u00e9v\u00e9l\u00e9 samedi par RTVE elle-m\u00eame, et adress\u00e9 \u00e0 la directrice de la production de contenus du groupe de t\u00e9l\u00e9vision et cheffe de la d\u00e9l\u00e9gation espagnole \u00e0 l\u2019Eurovision, l\u2019organisme europ\u00e9en a justifi\u00e9 sa position par le caract\u00e8re apolitique de l\u2019\u00e9v\u00e8nement. \u00ab Les d\u00e9clarations politiques pouvant compromettre la neutralit\u00e9 du concours sont interdites\u00bb, a soulign\u00e9 dans ce courrier l\u2019UER, dont RTVE est membre, en jugeant \u00abfondamental\u00bb que les commentateurs \u00abrespectent ces r\u00e8gles sans exception\u00bb dans les pays retransmettant le concours. Selon des m\u00e9dias espagnols, ce rappel \u00e0 l\u2019ordre a \u00e9t\u00e9 fait apr\u00e8s une plainte de la t\u00e9l\u00e9vision publique isra\u00e9lienne (KAN), agac\u00e9e par le fait que les pr\u00e9sentateurs espagnols aient fait r\u00e9f\u00e9rence aux nombreux martyrs \u00e0 Ghaza lors du passage en demi-finale de la candidate isra\u00e9lienne Yuval Raphael jeudi soir.<\/p>\n<p data-t=\"{&quot;n&quot;:&quot;blueLinks&quot;,&quot;t&quot;:13,&quot;a&quot;:&quot;click&quot;,&quot;b&quot;:76}\">La plainte de la KAN a \u00e9t\u00e9 \u00e9mise alors que RTVE avait r\u00e9clam\u00e9 mi-avril un \u00abd\u00e9bat\u00bb sur la pr\u00e9sence d\u2019Isra\u00ebl \u00e0 l\u2019Eurovision, mettant en avant les \u00abpr\u00e9occupations que la situation \u00e0 Ghaza et la participation de la t\u00e9l\u00e9vision publique KAN suscitent au sein de la soci\u00e9t\u00e9 civile espagnole\u00bb. L\u2019Espagne, qui a reconnu l\u2019\u00c9tat de Palestine le 28 mai 2024 avec l\u2019Irlande et la Norv\u00e8ge, s\u2019est impos\u00e9e ces derniers mois comme l\u2019une des voix les plus critiques de l\u2019UE \u00e0 l\u2019\u00e9gard du gouvernement de Benjamin Netanyahu, et fait figure de soutien historique de la cause palestinienne. Les prises de position du Premier ministre socialiste Pedro Sanchez, qui a a appel\u00e9 samedi lors d\u2019un sommet de la ligue arabe \u00e0 Baghdad \u00e0 faire \u00abpression sur Isra\u00ebl pour arr\u00eater le massacre \u00e0 Ghaza\u00bb, ont valu \u00e0 l\u2019Espagne ces derniers mois des critiques fielleuses du gouvernement Netanyahu.<\/p>\n<\/div>\n<\/div>\n<\/div>\n<p class=\"\">Provided by SyndiGate Media Inc. (<a href=\"http:\/\/syndigate.info\/\" target=\"_blank\" rel=\"noopener\" data-t=\"{&quot;n&quot;:&quot;destination&quot;,&quot;t&quot;:13,&quot;a&quot;:&quot;click&quot;,&quot;b&quot;:1,&quot;c.t&quot;:7}\">Syndigate.info<\/a>).<\/p>\n","protected":false},"excerpt":{"rendered":"<p>La t\u00e9l\u00e9vision publique espagnole a mis au d\u00e9fi samedi l\u2019organisme responsable de l\u2019Eurovision, qui l\u2019avait somm\u00e9e de cesser ses r\u00e9f\u00e9rences \u00e0 l\u2019offensive \u00e0 Ghaza sous menace de sanctions, en diffusant un message de soutien aux Palestiniens avant sa retransmission de l\u2019\u00e9v\u00e8nement. \u00ab S\u2019agissant des droits de l\u2019homme, le silence n\u2019est pas une option. Paix et &hellip;<\/p>\n","protected":false},"author":2,"featured_media":15846,"comment_status":"open","ping_status":"open","sticky":false,"template":"","format":"standard","meta":{"footnotes":""},"categories":[18,29],"tags":[],"class_list":["post-15845","post","type-post","status-publish","format-standard","has-post-thumbnail","hentry","category-actualites","category-monde"],"_links":{"self":[{"href":"https:\/\/ladepeche.mr\/index.php?rest_route=\/wp\/v2\/posts\/15845","targetHints":{"allow":["GET"]}}],"collection":[{"href":"https:\/\/ladepeche.mr\/index.php?rest_route=\/wp\/v2\/posts"}],"about":[{"href":"https:\/\/ladepeche.mr\/index.php?rest_route=\/wp\/v2\/types\/post"}],"author":[{"embeddable":true,"href":"https:\/\/ladepeche.mr\/index.php?rest_route=\/wp\/v2\/users\/2"}],"replies":[{"embeddable":true,"href":"https:\/\/ladepeche.mr\/index.php?rest_route=%2Fwp%2Fv2%2Fcomments&post=15845"}],"version-history":[{"count":1,"href":"https:\/\/ladepeche.mr\/index.php?rest_route=\/wp\/v2\/posts\/15845\/revisions"}],"predecessor-version":[{"id":15847,"href":"https:\/\/ladepeche.mr\/index.php?rest_route=\/wp\/v2\/posts\/15845\/revisions\/15847"}],"wp:featuredmedia":[{"embeddable":true,"href":"https:\/\/ladepeche.mr\/index.php?rest_route=\/wp\/v2\/media\/15846"}],"wp:attachment":[{"href":"https:\/\/ladepeche.mr\/index.php?rest_route=%2Fwp%2Fv2%2Fmedia&parent=15845"}],"wp:term":[{"taxonomy":"category","embeddable":true,"href":"https:\/\/ladepeche.mr\/index.php?rest_route=%2Fwp%2Fv2%2Fcategories&post=15845"},{"taxonomy":"post_tag","embeddable":true,"href":"https:\/\/ladepeche.mr\/index.php?rest_route=%2Fwp%2Fv2%2Ftags&post=15845"}],"curies":[{"name":"wp","href":"https:\/\/api.w.org\/{rel}","templated":true}]}}